{"id":1408,"date":"2019-06-25T07:55:23","date_gmt":"2019-06-25T07:55:23","guid":{"rendered":"http:\/\/szpitalpulawy.pl\/?p=1408"},"modified":"2019-06-25T08:00:18","modified_gmt":"2019-06-25T08:00:18","slug":"orzel-30-lecia-wolnosci-rp","status":"publish","type":"post","link":"https:\/\/szpitalpulawy.pl\/?p=1408","title":{"rendered":"Orze\u0142 30-lecia Wolno\u015bci RP"},"content":{"rendered":"\n<p>W dniu 14 czerwca 2019 roku SP ZOZ w Pu\u0142awach otrzyma\u0142 nagrod\u0119 Or\u0142a Polskiej Przedsi\u0119biorczo\u015bci, przyznawan\u0105 dla najlepszych przedsi\u0119biorstw w swoich bran\u017cach.\u00a0 To nagroda, kt\u00f3ra jest wyrazem wysokich kompetencji, rozwoju instytucji, \u00a0jak r\u00f3wnie\u017c wyr\u00f3\u017cnieniem na tle innych plac\u00f3wek medycznych . W ramach jubileuszowej edycji SP ZOZ w Pu\u0142awach otrzyma\u0142 nagrod\u0119 ,,<strong><em>Orze\u0142 30-lecia Wolno\u015bci RP\u2019\u2019.<\/em><\/strong><\/p>\n","protected":false},"excerpt":{"rendered":"<p>W dniu 14 czerwca 2019 roku SP ZOZ w Pu\u0142awach otrzyma\u0142 nagrod\u0119 Or\u0142a Polskiej Przedsi\u0119biorczo\u015bci, przyznawan\u0105 dla najlepszych przedsi\u0119biorstw w swoich bran\u017cach.\u00a0 To nagroda, kt\u00f3ra jest wyrazem wysokich kompetencji, rozwoju instytucji, \u00a0jak r\u00f3wnie\u017c wyr\u00f3\u017cnieniem na tle innych plac\u00f3wek medycznych . W ramach jubileuszowej edycji SP ZOZ w Pu\u0142awach otrzyma\u0142 nagrod\u0119 ,,Orze\u0142 30-lecia Wolno\u015bci RP\u2019\u2019.<\/p>\n","protected":false},"author":2,"featured_media":1410,"comment_status":"closed","ping_status":"closed","sticky":false,"template":"","format":"standard","meta":{"footnotes":""},"categories":[4],"tags":[],"class_list":["post-1408","post","type-post","status-publish","format-standard","has-post-thumbnail","hentry","category-aktualnosci"],"_links":{"self":[{"href":"https:\/\/szpitalpulawy.pl\/index.php?rest_route=\/wp\/v2\/posts\/1408","targetHints":{"allow":["GET"]}}],"collection":[{"href":"https:\/\/szpitalpulawy.pl\/index.php?rest_route=\/wp\/v2\/posts"}],"about":[{"href":"https:\/\/szpitalpulawy.pl\/index.php?rest_route=\/wp\/v2\/types\/post"}],"author":[{"embeddable":true,"href":"https:\/\/szpitalpulawy.pl\/index.php?rest_route=\/wp\/v2\/users\/2"}],"replies":[{"embeddable":true,"href":"https:\/\/szpitalpulawy.pl\/index.php?rest_route=%2Fwp%2Fv2%2Fcomments&post=1408"}],"version-history":[{"count":0,"href":"https:\/\/szpitalpulawy.pl\/index.php?rest_route=\/wp\/v2\/posts\/1408\/revisions"}],"wp:featuredmedia":[{"embeddable":true,"href":"https:\/\/szpitalpulawy.pl\/index.php?rest_route=\/wp\/v2\/media\/1410"}],"wp:attachment":[{"href":"https:\/\/szpitalpulawy.pl\/index.php?rest_route=%2Fwp%2Fv2%2Fmedia&parent=1408"}],"wp:term":[{"taxonomy":"category","embeddable":true,"href":"https:\/\/szpitalpulawy.pl\/index.php?rest_route=%2Fwp%2Fv2%2Fcategories&post=1408"},{"taxonomy":"post_tag","embeddable":true,"href":"https:\/\/szpitalpulawy.pl\/index.php?rest_route=%2Fwp%2Fv2%2Ftags&post=1408"}],"curies":[{"name":"wp","href":"https:\/\/api.w.org\/{rel}","templated":true}]}}