{"id":1430,"date":"2019-08-08T15:43:28","date_gmt":"2019-08-08T15:43:28","guid":{"rendered":"http:\/\/szpitalpulawy.pl\/?p=1430"},"modified":"2019-08-08T15:43:29","modified_gmt":"2019-08-08T15:43:29","slug":"1-7-sierpnia-miedzynarodowy-tydzien-karmienia-piersia","status":"publish","type":"post","link":"https:\/\/szpitalpulawy.pl\/?p=1430","title":{"rendered":"1-7 sierpnia MI\u0118DZYNARODOWY TYDZIE\u0143 KARMIENIA PIERSI\u0104"},"content":{"rendered":"\n<p>W dniach od 1-7 sierpnia obchodzimy\u00a0 \u201eMi\u0119dzynarodowy Tydzie\u0144 Karmienia Piersi\u0105\u201d. Po raz pierwszy \u201dTydzie\u0144 karmienia piersi\u0105\u201d obchodzono 1 sierpnia 1990 r., kiedy to 29 pa\u0144stw, w tym Polska podpisa\u0142o tzw. Deklaracj\u0119 Innocenti \u00a0WHO i UNICEF &#8211; w sprawie ochrony, propagowania i wspierania karmienia piersi\u0105. Jest to czas kiedy nale\u017cy wzmocni\u0107 dzia\u0142ania edukacyjno\u00a0 &#8211; promocyjne tego naturalnego w \u017cyciu kobiety- matki i dziecka procesu. W \u017cyciu obydwojga jest to wa\u017cny i owocny dla obydwojga czas.<\/p>\n<p>\u201e\u015awiatowy Tydzie\u0144 Karmienia Piersi\u0105\u201d odbywa si\u0119 pod has\u0142em postulowanym przez World Aliance for Breastfeeding Action (WABA), globaln\u0105 sie\u0107 organizacji i os\u00f3b dzia\u0142aj\u0105cych na rzecz propagowania i wspierania naturalnego karmienia noworodk\u00f3w i niemowl\u0105t. W tym roku tydzie\u0144 ten odbywa si\u0119 pod has\u0142em ,,Wzmacniajmy rodzic\u00f3w &#8211; umo\u017cliwiajmy karmienie piersi\u0105\u201d. Has\u0142o \u00a0chocia\u017c inne w ka\u017cdym roku, zawsze jednak promuje karmienie piersi\u0105. Wszystkie bowiem has\u0142a w spos\u00f3b holistyczny \u00a0podkre\u015blaj\u0105 znaczenie karmienia dla zdrowia dziecka, matki, rodziny i ca\u0142ego spo\u0142ecze\u0144stwa. Tradycyjnie WHO wskazuje na zadania personelu medycznego w podnoszeniu wiedzy rodzic\u00f3w o walorach karmienia naturalnego, znaczeniu pokarmu kobiecego w podtrzymaniu zdrowia dziecka i zaprogramowaniu prawid\u0142owego metabolizmu na ca\u0142e \u017cycie. Tegoroczne has\u0142o kieruje uwag\u0119 na wczesne przygotowanie rodzic\u00f3w do prawid\u0142owego od\u017cywiania noworodka. Grup\u0105 wymagaj\u0105c\u0105 szczeg\u00f3lnej opieki s\u0105 rodzice noworodk\u00f3w chorych i urodzonych przedwcze\u015bnie. Profesjonalne zachowania personelu medycznego, wszechstronne i jednocze\u015bnie indywidualne podej\u015bcie do matki i ojca dziecka oraz profesjonalizm zar\u00f3wno w wymiarze medycznym, jak i ludzkim pozwalaj\u0105 rodzicom powoli odnale\u017a\u0107 si\u0119 w tej trudnej sytuacji i zaakceptowa\u0107 j\u0105. Rodzice prowadzeni \u201eza r\u0119k\u0119\u201d przez wra\u017cliw\u0105 po\u0142o\u017cn\u0105, piel\u0119gniark\u0119 i lekarza powoli \u201eucz\u0105 si\u0119\u201d dziecka, rozpoznaj\u0105 jego zachowania\u00a0\u00a0 i rozr\u00f3\u017cniaj\u0105 jego potrzeby. Powoli orientuj\u0105 si\u0119, \u017ce ich rola to blisko\u015b\u0107, trwanie przy dziecku i otaczanie go mi\u0142o\u015bci\u0105 i opiek\u0105, a tak\u017ce zmniejszanie u dziecka niepokoju i l\u0119ku. W tym procesie wyzwolenie laktacji, utrzymanie jej i poda\u017c dziecku mleka od pierwszych kropli do kolejno pe\u0142nych porcji to najlepsze co mog\u0105 zrobi\u0107. Nasze zadanie jako pracownik\u00f3w ochrony zdrowia jest wspieranie rodzic\u00f3w na ka\u017cdym etapie opieki, od pierwszych chwil, przez te \u0142atwe i \u2013 w szczeg\u00f3lno\u015bci \u2013 przez te najci\u0119\u017csze.\u00a0 \u201eTydzie\u0144\u201d ma na celu przypomnienie opinii publicznej, \u017ce naturalna metoda karmienia niesie wiele korzy\u015bci dla ca\u0142ej populacji i stworzenia przyjaznej atmosfery wok\u00f3\u0142 kobiet karmi\u0105cych piersi\u0105.<\/p>\n<p>W SP ZOZ w Pu\u0142awach,\u00a0 tak\u017ce akcentujemy obchody tego tygodnia, chocia\u017c personel \u00a0Oddzia\u0142u Po\u0142o\u017cniczo \u2013 Ginekologicznego i Noworodkowego aktywnie uczestniczy w programie promocji karmienia piersi\u0105 \u00a0i wsparcia tego procesu przez ca\u0142y rok. Realizuje \u00a0ci\u0105g\u0142e szkolenia z zakresu karmienia piersi\u0105, udziela pomocy matkom na oddziale, po porodzie oraz po wypisie do domu. W tym roku zosta\u0142a zatrudniona po\u0142o\u017cna\u00a0 na stanowisku doradcy laktacyjnego, kt\u00f3ra jest Certyfikowanym Doradc\u0105 Laktacyjnym. Zosta\u0142 zakupiony najnowszej generacji laktator\u00a0 elektryczny, kt\u00f3ry ma szerokie zastosowanie nie tylko s\u0142u\u017cy do odci\u0105gania nadmiaru mleka, ale r\u00f3wnie\u017c do stymulacji laktacji na\u015bladuj\u0105c mechanizm ssania dziecka dla tych matek, kt\u00f3re z przyczyn medycznych nie mog\u0105 dostawia\u0107 swoich dzieci do piersi. Wy\u017cej wymienione dzia\u0142ania pozwalaj\u0105 nam profesjonalnie przygotowa\u0107 mamy do realizacji naturalnego karmienia piersi\u0105 w domu.<\/p>\n<p>Obchodzony Mi\u0119dzynarodowy Tydzie\u0144 Karmienia Piersi\u0105 jest okazj\u0105 do przypomnienia w przestrzeni publicznej korzy\u015bci wynikaj\u0105cych\u00a0 z naturalnego karmienia, kt\u00f3re nale\u017cy \u00a0wspiera\u0107\u00a0\u00a0\u00a0 \u00a0\u00a0\u00a0\u00a0\u00a0\u00a0\u00a0\u00a0i promowa\u0107.<\/p>\n<p>\u00a0<\/p>\n<p>Opracowanie : mgr Hanna Kamola Naczelna Piel\u0119gniarka , Mgr Gra\u017cyna Ziemianek \u2013 Piel\u0119gniarka Oddzia\u0142owa Oddzia\u0142u Noworodkowego, mgr Justyna Jab\u0142o\u0144ska \u2013 Certyfikowany Doradca laktacyjny<\/p>\n","protected":false},"excerpt":{"rendered":"<p>W dniach od 1-7 sierpnia obchodzimy\u00a0 \u201eMi\u0119dzynarodowy Tydzie\u0144 Karmienia Piersi\u0105\u201d. Po raz pierwszy \u201dTydzie\u0144 karmienia piersi\u0105\u201d obchodzono 1 sierpnia 1990 r., kiedy to 29 pa\u0144stw, w tym Polska podpisa\u0142o tzw. Deklaracj\u0119 Innocenti \u00a0WHO i UNICEF &#8211; w sprawie ochrony, propagowania i wspierania karmienia piersi\u0105. Jest to czas kiedy nale\u017cy wzmocni\u0107 dzia\u0142ania edukacyjno\u00a0 &#8211; promocyjne tego [&hellip;]<\/p>\n","protected":false},"author":1,"featured_media":1431,"comment_status":"closed","ping_status":"closed","sticky":false,"template":"","format":"standard","meta":{"footnotes":""},"categories":[4],"tags":[],"class_list":["post-1430","post","type-post","status-publish","format-standard","has-post-thumbnail","hentry","category-aktualnosci"],"_links":{"self":[{"href":"https:\/\/szpitalpulawy.pl\/index.php?rest_route=\/wp\/v2\/posts\/1430","targetHints":{"allow":["GET"]}}],"collection":[{"href":"https:\/\/szpitalpulawy.pl\/index.php?rest_route=\/wp\/v2\/posts"}],"about":[{"href":"https:\/\/szpitalpulawy.pl\/index.php?rest_route=\/wp\/v2\/types\/post"}],"author":[{"embeddable":true,"href":"https:\/\/szpitalpulawy.pl\/index.php?rest_route=\/wp\/v2\/users\/1"}],"replies":[{"embeddable":true,"href":"https:\/\/szpitalpulawy.pl\/index.php?rest_route=%2Fwp%2Fv2%2Fcomments&post=1430"}],"version-history":[{"count":0,"href":"https:\/\/szpitalpulawy.pl\/index.php?rest_route=\/wp\/v2\/posts\/1430\/revisions"}],"wp:featuredmedia":[{"embeddable":true,"href":"https:\/\/szpitalpulawy.pl\/index.php?rest_route=\/wp\/v2\/media\/1431"}],"wp:attachment":[{"href":"https:\/\/szpitalpulawy.pl\/index.php?rest_route=%2Fwp%2Fv2%2Fmedia&parent=1430"}],"wp:term":[{"taxonomy":"category","embeddable":true,"href":"https:\/\/szpitalpulawy.pl\/index.php?rest_route=%2Fwp%2Fv2%2Fcategories&post=1430"},{"taxonomy":"post_tag","embeddable":true,"href":"https:\/\/szpitalpulawy.pl\/index.php?rest_route=%2Fwp%2Fv2%2Ftags&post=1430"}],"curies":[{"name":"wp","href":"https:\/\/api.w.org\/{rel}","templated":true}]}}