{"id":1775,"date":"2020-05-12T06:50:42","date_gmt":"2020-05-12T06:50:42","guid":{"rendered":"http:\/\/szpitalpulawy.pl\/?p=1775"},"modified":"2020-05-12T06:51:24","modified_gmt":"2020-05-12T06:51:24","slug":"przemoc-w-rodzinie-w-czasie-epidemii-gdzie-szukac-pomocy","status":"publish","type":"post","link":"https:\/\/szpitalpulawy.pl\/?p=1775","title":{"rendered":"Przemoc w rodzinie w czasie epidemii &#8211; gdzie szuka\u0107 pomocy?"},"content":{"rendered":"\n<p>Epidemia koronawirusa zmieni\u0142a w diametralny spos\u00f3b funkcjonowanie naszego spo\u0142ecze\u0144stwa. Decyzje ograniczaj\u0105ce wolno\u015b\u0107 przemieszczania si\u0119 s\u0105 szczeg\u00f3lnie trudne dla os\u00f3b do\u015bwiadczaj\u0105cych przemocy. Zamkni\u0119cie w czterech \u015bcianach ze sprawc\u0105 na czas kwarantanny, z dala od rodziny, przyjaci\u00f3\u0142, znajomych, znacz\u0105co pogarsza sytuacj\u0119 psychologiczn\u0105 tych os\u00f3b, ale r\u00f3wnie\u017c stanowi znacznie wi\u0119ksze zagro\u017cenie dla ich bezpiecze\u0144stwa.<\/p>\n\n\n\n<p>Niezwykle trudne okoliczno\u015bci, w jakich si\u0119 obecnie znajdujemy sprawi\u0142y, \u017ce inaczej funkcjonuje wi\u0119kszo\u015b\u0107 instytucji rz\u0105dowych i samorz\u0105dowych. Nie powoduje to jednak, \u017ce osoby zagro\u017cone przemoc\u0105 domow\u0105 s\u0105 pozbawione niezb\u0119dnego wsparcia.<\/p>\n\n\n\n<p>Pomimo ogranicze\u0144 funkcjonuj\u0105 instytucje i podmioty, kt\u00f3re realizuj\u0105 swoje zadania w zakresie przeciwdzia\u0142ania przemocy w rodzinie, oczywi\u015bcie z uwzgl\u0119dnieniem zasad bezpiecze\u0144stwa. Kontakt w celu zg\u0142oszenia problemu, jak r\u00f3wnie\u017c uzyskania pomocy odbywa si\u0119 drog\u0105 telefoniczn\u0105&nbsp;&nbsp;&nbsp;&nbsp;&nbsp;&nbsp;&nbsp;&nbsp;&nbsp;&nbsp;&nbsp;&nbsp;&nbsp;&nbsp;&nbsp;&nbsp;&nbsp;&nbsp;&nbsp;&nbsp;&nbsp;&nbsp; i elektronicznie.<\/p>\n\n\n\n<p>Poni\u017cej zamieszczamy szczeg\u00f3\u0142owe informacje na temat mo\u017cliwo\u015bci uzyskania pomy w zwi\u0105zku&nbsp;&nbsp;&nbsp;&nbsp;&nbsp;&nbsp;&nbsp;&nbsp; z zagro\u017ceniem przemoc\u0105 w rodzinie.<\/p>\n\n\n\n<p><strong><u>Numery telefon\u00f3w, pod kt\u00f3rymi mo\u017cna uzyska\u0107 wsparcie<\/u><\/strong>:<br><br><\/p>\n\n\n\n<ol class=\"wp-block-list\" type=\"I\"><li><strong>TELEFONY LOKALNE<\/strong><\/li><\/ol>\n\n\n\n<ul class=\"wp-block-list\"><li>Zesp\u00f3\u0142 Interdyscyplinarny ds. Przeciwdzia\u0142ania Przemocy w Rodzinie &nbsp;w Pu\u0142awach:<\/li><\/ul>\n\n\n\n<p><strong>tel:<\/strong> &nbsp;<strong>503&nbsp;657 055<\/strong><\/p>\n\n\n\n<p><strong>e-mail:<\/strong> <a href=\"mailto:zespol.interdyscyplinarny@mops.pulawy.pl\">zespol.interdyscyplinarny@mops.pulawy.pl<\/a><\/p>\n\n\n\n<p>czynne od poniedzia\u0142ku do pi\u0105tku w godzinach 7:15-14.15<\/p>\n\n\n\n<ul class=\"wp-block-list\"><li>Pracownicy Zespo\u0142u ds. Przeciwdzia\u0142ania Przemocy w Rodzinie MOPS w Pu\u0142awach:<\/li><\/ul>\n\n\n\n<p>&nbsp;&nbsp;&nbsp;&nbsp; &nbsp;<strong>tel: 81 458 69 86 <\/strong>&#8211; Edyta Polak, Monika Targo\u0144ska<\/p>\n\n\n\n<p><strong>tel: 81 458 69 87 <\/strong>&#8211; Aleksandra Chadaj, Katarzyna Koter <a><strong>&nbsp;<\/strong><\/a><\/p>\n\n\n\n<p>czynne od poniedzia\u0142ku do pi\u0105tku w godzinach 7:15-14:15<\/p>\n\n\n\n<ul class=\"wp-block-list\"><li>Radca prawny MOPS w Pu\u0142awach:<\/li><\/ul>\n\n\n\n<p><strong>tel: 512 623&nbsp;208<\/strong> &#8211; Magdalena Jurek -Tokarska<\/p>\n\n\n\n<p>&nbsp;&#8211; <a>dy\u017cur telefoniczny: poniedzia\u0142ek &#8211; pi\u0105tek w godz. 10.00 \u2013 18.00<\/a><\/p>\n\n\n\n<p><strong>tel: 81 458 67 74 oraz 505&nbsp;901 226 <\/strong>&#8211; Marcin Rojczyk<\/p>\n\n\n\n<p>&#8211; dy\u017cur telefoniczny: poniedzia\u0142ek, \u015broda, pi\u0105tek w godz. 7.00 \u2013 11.00<\/p>\n\n\n\n<ul class=\"wp-block-list\"><li>Ca\u0142odobowy Telefon Zaufania prowadzony w Specjalistycznym O\u015brodku Wsparcia &nbsp;&nbsp;&nbsp;&nbsp;&nbsp;&nbsp;&nbsp;&nbsp;<\/li><\/ul>\n\n\n\n<p><strong>tel:<\/strong> <strong>81 458 67 77<\/strong><\/p>\n\n\n\n<ul class=\"wp-block-list\"><li>Stowarzyszenie Ochrony Zdrowia Psychicznego \u2013 Program Pomocy Ca\u0142odobowej<\/li><\/ul>\n\n\n\n<p><strong>tel: 800&nbsp;306&nbsp;833 &#8211; bezp\u0142atna ca\u0142odobowa infolinia:<\/strong><\/p>\n\n\n\n<ul class=\"wp-block-list\"><li>Psycholog Katolickiego Stowarzyszenia Pomocy Osobom Potrzebuj\u0105cym \u201eAgape\u201d &nbsp;&nbsp;&nbsp;&nbsp;&nbsp;&nbsp;&nbsp;&nbsp;&nbsp;&nbsp;&nbsp;&nbsp;&nbsp;w Lublinie, filia w Pu\u0142awach:<\/li><\/ul>\n\n\n\n<p>&nbsp;&nbsp;&nbsp;&nbsp;&nbsp; <strong>tel: 601&nbsp;561&nbsp;250<\/strong>&nbsp; &#8211; Magdalena \u0141uka<\/p>\n\n\n\n<p>dy\u017cur telefoniczny: poniedzia\u0142ek &#8211; pi\u0105tek w godz. 9.00 \u2013 18.00<\/p>\n\n\n\n<p><strong>II. TELEFONY OG\u00d3LNOPOLSKIE<\/strong><\/p>\n\n\n\n<ul class=\"wp-block-list\"><li>Og\u00f3lnopolskie Pogotowie dla Ofiar Przemocy w Rodzinie&nbsp; \u201eNiebieska Linia\u201d:<\/li><\/ul>\n\n\n\n<p><strong>tel: 800 12 00 02 oraz 22 668 70 00<\/strong><\/p>\n\n\n\n<p>&nbsp;&nbsp;&nbsp;&nbsp;&nbsp;&nbsp;&nbsp;&nbsp;&nbsp;&nbsp; &nbsp;czynne ca\u0142odobowo<\/p>\n\n\n\n<ul class=\"wp-block-list\"><li>Centrum Praw Kobiet:<\/li><\/ul>\n\n\n\n<p>Telefon zaufania \u2013 pomoc prawna i psychologiczna:<\/p>\n\n\n\n<p><strong>tel: 22&nbsp;621 35 37 \u2013 <\/strong>czynny od poniedzia\u0142ku do pi\u0105tku w godz. 10.00 \u2013 16.00<\/p>\n\n\n\n<p>Telefon interwencyjny:<\/p>\n\n\n\n<p><strong>tel: 600&nbsp;070&nbsp;717 <\/strong>&#8211; czynny w dni robocze oraz w \u015bwi\u0119ta<\/p>\n\n\n\n<ul class=\"wp-block-list\"><li>Fundacja Feminoteka &#8211; Telefon przeciwprzemocowy dla kobiet:<\/li><\/ul>\n\n\n\n<p><strong>tel: 888 88 33 88<\/strong><\/p>\n\n\n\n<p>e-mail: pomoc@feminoteka.pl<br>czynne od poniedzia\u0142ku do pi\u0105tku w godzinach 8:00-20:00<\/p>\n\n\n\n<ul class=\"wp-block-list\"><li>Fundacja Dajemy Dzieciom Si\u0142\u0119 &#8211; Telefon Zaufania dla Dzieci i M\u0142odzie\u017cy<\/li><\/ul>\n\n\n\n<p><strong>tel: 116 111<\/strong>&nbsp;<br>czynny ca\u0142odobowo<\/p>\n\n\n\n<p><strong>W sytuacji zagro\u017cenia zdrowia i \u017cycia nale\u017cy niezw\u0142ocznie<\/strong><\/p>\n\n\n\n<p><strong>powiadomi\u0107 s\u0142u\u017cby interwencyjne!!!<\/strong><\/p>\n\n\n\n<p><strong><u>tel: 997 oraz 112<\/u><\/strong><\/p>\n\n\n","protected":false},"excerpt":{"rendered":"<p>Epidemia koronawirusa zmieni\u0142a w diametralny spos\u00f3b funkcjonowanie naszego spo\u0142ecze\u0144stwa. Decyzje ograniczaj\u0105ce wolno\u015b\u0107 przemieszczania si\u0119 s\u0105 szczeg\u00f3lnie trudne dla os\u00f3b do\u015bwiadczaj\u0105cych przemocy. Zamkni\u0119cie w czterech \u015bcianach ze sprawc\u0105 na czas kwarantanny, z dala od rodziny, przyjaci\u00f3\u0142, znajomych, znacz\u0105co pogarsza sytuacj\u0119 psychologiczn\u0105 tych os\u00f3b, ale r\u00f3wnie\u017c stanowi znacznie wi\u0119ksze zagro\u017cenie dla ich bezpiecze\u0144stwa. Niezwykle trudne okoliczno\u015bci, w [&hellip;]<\/p>\n","protected":false},"author":1,"featured_media":0,"comment_status":"closed","ping_status":"closed","sticky":false,"template":"","format":"standard","meta":{"footnotes":""},"categories":[4],"tags":[],"class_list":["post-1775","post","type-post","status-publish","format-standard","hentry","category-aktualnosci"],"_links":{"self":[{"href":"https:\/\/szpitalpulawy.pl\/index.php?rest_route=\/wp\/v2\/posts\/1775","targetHints":{"allow":["GET"]}}],"collection":[{"href":"https:\/\/szpitalpulawy.pl\/index.php?rest_route=\/wp\/v2\/posts"}],"about":[{"href":"https:\/\/szpitalpulawy.pl\/index.php?rest_route=\/wp\/v2\/types\/post"}],"author":[{"embeddable":true,"href":"https:\/\/szpitalpulawy.pl\/index.php?rest_route=\/wp\/v2\/users\/1"}],"replies":[{"embeddable":true,"href":"https:\/\/szpitalpulawy.pl\/index.php?rest_route=%2Fwp%2Fv2%2Fcomments&post=1775"}],"version-history":[{"count":0,"href":"https:\/\/szpitalpulawy.pl\/index.php?rest_route=\/wp\/v2\/posts\/1775\/revisions"}],"wp:attachment":[{"href":"https:\/\/szpitalpulawy.pl\/index.php?rest_route=%2Fwp%2Fv2%2Fmedia&parent=1775"}],"wp:term":[{"taxonomy":"category","embeddable":true,"href":"https:\/\/szpitalpulawy.pl\/index.php?rest_route=%2Fwp%2Fv2%2Fcategories&post=1775"},{"taxonomy":"post_tag","embeddable":true,"href":"https:\/\/szpitalpulawy.pl\/index.php?rest_route=%2Fwp%2Fv2%2Ftags&post=1775"}],"curies":[{"name":"wp","href":"https:\/\/api.w.org\/{rel}","templated":true}]}}