{"id":1860,"date":"2020-09-22T10:33:59","date_gmt":"2020-09-22T10:33:59","guid":{"rendered":"http:\/\/szpitalpulawy.pl\/?p=1860"},"modified":"2020-09-22T10:46:23","modified_gmt":"2020-09-22T10:46:23","slug":"ministerstwo-zdrowia-podarowalo-sprzet-dla-sor-i-zespolow-ratownictwa-medycznego","status":"publish","type":"post","link":"https:\/\/szpitalpulawy.pl\/?p=1860","title":{"rendered":"Ministerstwo Zdrowia podarowa\u0142o sprz\u0119t dla SOR i Zespo\u0142\u00f3w Ratownictwa Medycznego"},"content":{"rendered":"\n<p>W dniu 15 wrze\u015bnia b.r SPZOZ w Pu\u0142awach otrzyma\u0142 w darowi\u017anie od Ministerstwa Zdrowia&nbsp; 3 urz\u0105dzenia do kompresji klatki piersiowej w ramach projektu finansowanego ze \u015brodk\u00f3w Unii Europejskiej.<\/p>\n\n\n\n<p>Urz\u0105dzenie do mechanicznego ucisku klatki piersiowej ZOLL AutoPulse\u00ae prowadzi ci\u0105g\u0142e uciskanie o sta\u0142ej cz\u0119sto\u015bci i g\u0142\u0119boko\u015bci. Sterowany mikroprocesorem czujnik automatycznie okre\u015bla wielko\u015b\u0107, kszta\u0142t i op\u00f3r klatki piersiowej pacjenta, wyliczaj\u0105c si\u0142\u0119 konieczn\u0105 do uzyskania w\u0142a\u015bciwej g\u0142\u0119boko\u015bci uci\u015bni\u0119\u0107,<\/p>\n\n\n\n<p>Sprz\u0119t zostanie przekazany dla Zespo\u0142u ratownictwa medycznego stacjonuj\u0105cego w Baranowie oraz D\u0119blinie oraz do&nbsp; Szpitalnego Oddzia\u0142u Ratunkowego.<\/p>\n\n\n\n<figure class=\"wp-block-gallery columns-2 is-cropped wp-block-gallery-1 is-layout-flex wp-block-gallery-is-layout-flex\"><ul class=\"blocks-gallery-grid\"><li class=\"blocks-gallery-item\"><figure><img loading=\"lazy\" decoding=\"async\" width=\"750\" height=\"563\" src=\"https:\/\/szpitalpulawy.pl\/wp-content\/uploads\/2020\/09\/119948354_4403923149679271_4262784718365675995_n.jpg\" alt=\"\" data-id=\"1863\" data-link=\"https:\/\/szpitalpulawy.pl\/?attachment_id=1863\" class=\"wp-image-1863\" srcset=\"https:\/\/szpitalpulawy.pl\/wp-content\/uploads\/2020\/09\/119948354_4403923149679271_4262784718365675995_n.jpg 750w, https:\/\/szpitalpulawy.pl\/wp-content\/uploads\/2020\/09\/119948354_4403923149679271_4262784718365675995_n-300x225.jpg 300w\" sizes=\"auto, (max-width: 750px) 100vw, 750px\" \/><\/figure><\/li><li class=\"blocks-gallery-item\"><figure><img loading=\"lazy\" decoding=\"async\" width=\"750\" height=\"1000\" src=\"https:\/\/szpitalpulawy.pl\/wp-content\/uploads\/2020\/09\/119936724_823330701807970_8223745548337464738_n.jpg\" alt=\"\" data-id=\"1864\" data-full-url=\"https:\/\/szpitalpulawy.pl\/wp-content\/uploads\/2020\/09\/119936724_823330701807970_8223745548337464738_n.jpg\" data-link=\"https:\/\/szpitalpulawy.pl\/?attachment_id=1864\" class=\"wp-image-1864\" srcset=\"https:\/\/szpitalpulawy.pl\/wp-content\/uploads\/2020\/09\/119936724_823330701807970_8223745548337464738_n.jpg 750w, https:\/\/szpitalpulawy.pl\/wp-content\/uploads\/2020\/09\/119936724_823330701807970_8223745548337464738_n-225x300.jpg 225w\" sizes=\"auto, (max-width: 750px) 100vw, 750px\" \/><\/figure><\/li><\/ul><\/figure>\n","protected":false},"excerpt":{"rendered":"<p>W dniu 15 wrze\u015bnia b.r SPZOZ w Pu\u0142awach otrzyma\u0142 w darowi\u017anie od Ministerstwa Zdrowia&nbsp; 3 urz\u0105dzenia do kompresji klatki piersiowej w ramach projektu finansowanego ze \u015brodk\u00f3w Unii Europejskiej. Urz\u0105dzenie do mechanicznego ucisku klatki piersiowej ZOLL AutoPulse\u00ae prowadzi ci\u0105g\u0142e uciskanie o sta\u0142ej cz\u0119sto\u015bci i g\u0142\u0119boko\u015bci. Sterowany mikroprocesorem czujnik automatycznie okre\u015bla wielko\u015b\u0107, kszta\u0142t i op\u00f3r klatki piersiowej [&hellip;]<\/p>\n","protected":false},"author":1,"featured_media":1861,"comment_status":"closed","ping_status":"closed","sticky":false,"template":"","format":"standard","meta":{"footnotes":""},"categories":[4],"tags":[],"class_list":["post-1860","post","type-post","status-publish","format-standard","has-post-thumbnail","hentry","category-aktualnosci"],"_links":{"self":[{"href":"https:\/\/szpitalpulawy.pl\/index.php?rest_route=\/wp\/v2\/posts\/1860","targetHints":{"allow":["GET"]}}],"collection":[{"href":"https:\/\/szpitalpulawy.pl\/index.php?rest_route=\/wp\/v2\/posts"}],"about":[{"href":"https:\/\/szpitalpulawy.pl\/index.php?rest_route=\/wp\/v2\/types\/post"}],"author":[{"embeddable":true,"href":"https:\/\/szpitalpulawy.pl\/index.php?rest_route=\/wp\/v2\/users\/1"}],"replies":[{"embeddable":true,"href":"https:\/\/szpitalpulawy.pl\/index.php?rest_route=%2Fwp%2Fv2%2Fcomments&post=1860"}],"version-history":[{"count":0,"href":"https:\/\/szpitalpulawy.pl\/index.php?rest_route=\/wp\/v2\/posts\/1860\/revisions"}],"wp:featuredmedia":[{"embeddable":true,"href":"https:\/\/szpitalpulawy.pl\/index.php?rest_route=\/wp\/v2\/media\/1861"}],"wp:attachment":[{"href":"https:\/\/szpitalpulawy.pl\/index.php?rest_route=%2Fwp%2Fv2%2Fmedia&parent=1860"}],"wp:term":[{"taxonomy":"category","embeddable":true,"href":"https:\/\/szpitalpulawy.pl\/index.php?rest_route=%2Fwp%2Fv2%2Fcategories&post=1860"},{"taxonomy":"post_tag","embeddable":true,"href":"https:\/\/szpitalpulawy.pl\/index.php?rest_route=%2Fwp%2Fv2%2Ftags&post=1860"}],"curies":[{"name":"wp","href":"https:\/\/api.w.org\/{rel}","templated":true}]}}