{"id":2024,"date":"2021-01-15T17:33:46","date_gmt":"2021-01-15T17:33:46","guid":{"rendered":"http:\/\/szpitalpulawy.pl\/?p=2024"},"modified":"2021-01-15T17:33:47","modified_gmt":"2021-01-15T17:33:47","slug":"nowy-tomograf-w-sp-zoz-w-pulawach-dla-pacjentow-ambulatoryjnych","status":"publish","type":"post","link":"https:\/\/szpitalpulawy.pl\/?p=2024","title":{"rendered":"Nowy Tomograf w SP ZOZ w Pu\u0142awach dla pacjent\u00f3w ambulatoryjnych"},"content":{"rendered":"\n<p>2 mln 550 tys. \u00a0z\u0142otych kosztowa\u0142 tomograf komputerowy, kt\u00f3ry w dniu 11 stycznia 2020 roku oficjalnie oddano do u\u017cytku w\u00a0 nowej Pracowni Tomografii Komputerowej SP ZOZ w Pu\u0142awach. Inwestycja zosta\u0142a sfinansowana \u00a0w ramach projektu,, Modernizacja\u00a0 oddzia\u0142\u00f3w szpitalnych i zakup sprz\u0119tu medycznego przez SP ZOZ w Pu\u0142awach\u2019\u2019 &#8211; Europejski Fundusz Rozwoju Regionalnego oraz \u00a0dzi\u0119ki dotacji celowej Powiatu Pu\u0142awskiego.<\/p>\n<p>Nowy tomograf komputerowy to 64 &#8211; warstwowy\u00a0 tomograf GE Healthcare Japan Corporation Revolution Evo 2020. Urz\u0105dzenie \u00a0posiada du\u017co rozwi\u0105za\u0144 technologicznych, kt\u00f3re podnosz\u0105 bezpiecze\u0144stwo i komfort pacjent\u00f3w podczas badania oraz\u00a0 pozwalaj\u0105 na uzyskanie obraz\u00f3w bardzo dobrej jako\u015bci. <u>Przeznaczony jest dla pacjent\u00f3w posiadaj\u0105cych skierowanie z poradni specjalistycznych.<\/u><\/p>\n<p>Nowa Pracownia Tomografii Komputerowej mie\u015bci si\u0119 w pawilonie A Szpitala Specjalistycznego w lokalizacji Zak\u0142adu Rehabilitacji. Wej\u015bcie do budynku znajduje si\u0119 od Strony Paw. C &#8211; Oddzia\u0142u Obserwacyjno-Zaka\u017anego dla doros\u0142ych.<\/p>\n<p>\u00a0Rejestracja telefoniczna w godzinach 7.15-14.15\u00a0 tel. \u00a081 45-02-184 wew.1 Czynna od poniedzia\u0142ku do pi\u0105tku w godzinach 7.30-14.00.<\/p>\n<p>Pracownia jest usytuowana w\u00a0 tzw. cz\u0119\u015bci ,,czystej\u2019\u2019 Szpitala, \u00a0spe\u0142nia wszelkie wymogi pod wzgl\u0119dem sanitarno-epidemiologicznym.<\/p>\n<p><a href=\"https:\/\/szpitalpulawy.pl\/wp-content\/uploads\/2021\/01\/IMG_20210112_093256-01-scaled.jpg\"><img loading=\"lazy\" decoding=\"async\" class=\"aligncenter size-full wp-image-2026\" src=\"https:\/\/szpitalpulawy.pl\/wp-content\/uploads\/2021\/01\/IMG_20210112_093256-01-scaled.jpg\" alt=\"\" width=\"2560\" height=\"1920\" srcset=\"https:\/\/szpitalpulawy.pl\/wp-content\/uploads\/2021\/01\/IMG_20210112_093256-01-scaled.jpg 2560w, https:\/\/szpitalpulawy.pl\/wp-content\/uploads\/2021\/01\/IMG_20210112_093256-01-300x225.jpg 300w, https:\/\/szpitalpulawy.pl\/wp-content\/uploads\/2021\/01\/IMG_20210112_093256-01-1024x768.jpg 1024w, https:\/\/szpitalpulawy.pl\/wp-content\/uploads\/2021\/01\/IMG_20210112_093256-01-768x576.jpg 768w, https:\/\/szpitalpulawy.pl\/wp-content\/uploads\/2021\/01\/IMG_20210112_093256-01-1536x1152.jpg 1536w, https:\/\/szpitalpulawy.pl\/wp-content\/uploads\/2021\/01\/IMG_20210112_093256-01-2048x1536.jpg 2048w\" sizes=\"auto, (max-width: 2560px) 100vw, 2560px\" \/><\/a><a href=\"https:\/\/szpitalpulawy.pl\/wp-content\/uploads\/2021\/01\/IMG_20210112_094607-scaled.jpg\"><img loading=\"lazy\" decoding=\"async\" class=\"aligncenter size-full wp-image-2027\" src=\"https:\/\/szpitalpulawy.pl\/wp-content\/uploads\/2021\/01\/IMG_20210112_094607-scaled.jpg\" alt=\"\" width=\"2560\" height=\"1920\" srcset=\"https:\/\/szpitalpulawy.pl\/wp-content\/uploads\/2021\/01\/IMG_20210112_094607-scaled.jpg 2560w, https:\/\/szpitalpulawy.pl\/wp-content\/uploads\/2021\/01\/IMG_20210112_094607-300x225.jpg 300w, https:\/\/szpitalpulawy.pl\/wp-content\/uploads\/2021\/01\/IMG_20210112_094607-1024x768.jpg 1024w, https:\/\/szpitalpulawy.pl\/wp-content\/uploads\/2021\/01\/IMG_20210112_094607-768x576.jpg 768w, https:\/\/szpitalpulawy.pl\/wp-content\/uploads\/2021\/01\/IMG_20210112_094607-1536x1152.jpg 1536w, https:\/\/szpitalpulawy.pl\/wp-content\/uploads\/2021\/01\/IMG_20210112_094607-2048x1536.jpg 2048w\" sizes=\"auto, (max-width: 2560px) 100vw, 2560px\" \/><\/a><\/p>\n","protected":false},"excerpt":{"rendered":"<p>2 mln 550 tys. \u00a0z\u0142otych kosztowa\u0142 tomograf komputerowy, kt\u00f3ry w dniu 11 stycznia 2020 roku oficjalnie oddano do u\u017cytku w\u00a0 nowej Pracowni Tomografii Komputerowej SP ZOZ w Pu\u0142awach. Inwestycja zosta\u0142a sfinansowana \u00a0w ramach projektu,, Modernizacja\u00a0 oddzia\u0142\u00f3w szpitalnych i zakup sprz\u0119tu medycznego przez SP ZOZ w Pu\u0142awach\u2019\u2019 &#8211; Europejski Fundusz Rozwoju Regionalnego oraz \u00a0dzi\u0119ki dotacji celowej [&hellip;]<\/p>\n","protected":false},"author":1,"featured_media":2025,"comment_status":"closed","ping_status":"closed","sticky":false,"template":"","format":"standard","meta":{"footnotes":""},"categories":[4],"tags":[],"class_list":["post-2024","post","type-post","status-publish","format-standard","has-post-thumbnail","hentry","category-aktualnosci"],"_links":{"self":[{"href":"https:\/\/szpitalpulawy.pl\/index.php?rest_route=\/wp\/v2\/posts\/2024","targetHints":{"allow":["GET"]}}],"collection":[{"href":"https:\/\/szpitalpulawy.pl\/index.php?rest_route=\/wp\/v2\/posts"}],"about":[{"href":"https:\/\/szpitalpulawy.pl\/index.php?rest_route=\/wp\/v2\/types\/post"}],"author":[{"embeddable":true,"href":"https:\/\/szpitalpulawy.pl\/index.php?rest_route=\/wp\/v2\/users\/1"}],"replies":[{"embeddable":true,"href":"https:\/\/szpitalpulawy.pl\/index.php?rest_route=%2Fwp%2Fv2%2Fcomments&post=2024"}],"version-history":[{"count":1,"href":"https:\/\/szpitalpulawy.pl\/index.php?rest_route=\/wp\/v2\/posts\/2024\/revisions"}],"predecessor-version":[{"id":2028,"href":"https:\/\/szpitalpulawy.pl\/index.php?rest_route=\/wp\/v2\/posts\/2024\/revisions\/2028"}],"wp:featuredmedia":[{"embeddable":true,"href":"https:\/\/szpitalpulawy.pl\/index.php?rest_route=\/wp\/v2\/media\/2025"}],"wp:attachment":[{"href":"https:\/\/szpitalpulawy.pl\/index.php?rest_route=%2Fwp%2Fv2%2Fmedia&parent=2024"}],"wp:term":[{"taxonomy":"category","embeddable":true,"href":"https:\/\/szpitalpulawy.pl\/index.php?rest_route=%2Fwp%2Fv2%2Fcategories&post=2024"},{"taxonomy":"post_tag","embeddable":true,"href":"https:\/\/szpitalpulawy.pl\/index.php?rest_route=%2Fwp%2Fv2%2Ftags&post=2024"}],"curies":[{"name":"wp","href":"https:\/\/api.w.org\/{rel}","templated":true}]}}