{"id":2261,"date":"2021-06-30T13:10:29","date_gmt":"2021-06-30T13:10:29","guid":{"rendered":"http:\/\/szpitalpulawy.pl\/?p=2261"},"modified":"2021-06-30T13:32:16","modified_gmt":"2021-06-30T13:32:16","slug":"prezydent-dziekuje-za-niezwykla-sluzbe","status":"publish","type":"post","link":"https:\/\/szpitalpulawy.pl\/?p=2261","title":{"rendered":"Prezydent dzi\u0119kuje za niezwyk\u0142\u0105 s\u0142u\u017cb\u0119 !"},"content":{"rendered":"\n<p><strong>W dniu 29 czerwca 2021 r prezydent Rzeczypospolitej Polskiej Andrzej Duda wr\u0119czy\u0142 odznaczenia pa\u0144stwowe osobom zas\u0142u\u017conym w dzia\u0142alno\u015bci na rzecz zwalczania epidemii SARS-CoV-2. W uroczysto\u015bci uczestniczyli przedstawiciele SP ZOZ w Pu\u0142awach, kt\u00f3rzy z r\u0105k Prezydenta otrzymali\u00a0 ,,Z\u0142oty Krzy\u017c Zas\u0142ug\u2019\u2019.<\/strong><\/p>\n<p>Odznaczenia otrzymali:<br \/>zdj. powy\u017cej od lewej: dr n.med. Marek Pa\u017adzior, dr n.med. Jaros\u0142aw Furtak, dr n.med. Jacek Gniot, Hanna Kamola-Naczelna Piel\u0119gniarka, Piotr Rybak-Dyrektor, lek. Leszek Jaho\u0142kowski, lek. Tomasz Myszala, dr n.med. Artur Bodys, lek. Tomasz Pieko\u015b, Lek. Andrzej Jonak<\/p>\n<p><strong>\u2013,, Dzi\u0119kuj\u0119, \u017ce chocia\u017c w ten symboliczny Polska mo\u017ce, w imieniu wszystkich jej obywateli, podzi\u0119kowa\u0107 za to, jacy Pa\u0144stwo jeste\u015bcie i jak traktujecie przyj\u0119te na siebie zobowi\u0105zania, do tego by s\u0142u\u017cy\u0107 drugiemu cz\u0142owiekowi, by s\u0142u\u017cy\u0107 nauce i j\u0105 realizowa\u0107\u2019\u2019 \u2013 zaznaczy\u0142 Prezydent Andrzej Duda.<\/strong><\/p>\n<p>\u00a0<\/p>\n\n\n\n<figure class=\"wp-block-gallery columns-3 is-cropped wp-block-gallery-1 is-layout-flex wp-block-gallery-is-layout-flex\"><ul class=\"blocks-gallery-grid\"><li class=\"blocks-gallery-item\"><figure><img loading=\"lazy\" decoding=\"async\" width=\"768\" height=\"1024\" src=\"https:\/\/szpitalpulawy.pl\/wp-content\/uploads\/2021\/06\/54c008d5-9d87-47b2-960d-80cb8993d8ca-2-768x1024.jpg\" alt=\"\" data-id=\"2286\" data-full-url=\"https:\/\/szpitalpulawy.pl\/wp-content\/uploads\/2021\/06\/54c008d5-9d87-47b2-960d-80cb8993d8ca-2.jpg\" data-link=\"https:\/\/szpitalpulawy.pl\/?attachment_id=2286\" class=\"wp-image-2286\" srcset=\"https:\/\/szpitalpulawy.pl\/wp-content\/uploads\/2021\/06\/54c008d5-9d87-47b2-960d-80cb8993d8ca-2-768x1024.jpg 768w, https:\/\/szpitalpulawy.pl\/wp-content\/uploads\/2021\/06\/54c008d5-9d87-47b2-960d-80cb8993d8ca-2-225x300.jpg 225w, https:\/\/szpitalpulawy.pl\/wp-content\/uploads\/2021\/06\/54c008d5-9d87-47b2-960d-80cb8993d8ca-2-1152x1536.jpg 1152w, https:\/\/szpitalpulawy.pl\/wp-content\/uploads\/2021\/06\/54c008d5-9d87-47b2-960d-80cb8993d8ca-2.jpg 1200w\" sizes=\"auto, (max-width: 768px) 100vw, 768px\" \/><\/figure><\/li><li class=\"blocks-gallery-item\"><figure><img loading=\"lazy\" decoding=\"async\" width=\"768\" height=\"1024\" src=\"https:\/\/szpitalpulawy.pl\/wp-content\/uploads\/2021\/06\/IMG_5435-1-768x1024.jpg\" alt=\"\" data-id=\"2289\" data-full-url=\"https:\/\/szpitalpulawy.pl\/wp-content\/uploads\/2021\/06\/IMG_5435-1-scaled.jpg\" data-link=\"https:\/\/szpitalpulawy.pl\/?attachment_id=2289\" class=\"wp-image-2289\" srcset=\"https:\/\/szpitalpulawy.pl\/wp-content\/uploads\/2021\/06\/IMG_5435-1-768x1024.jpg 768w, https:\/\/szpitalpulawy.pl\/wp-content\/uploads\/2021\/06\/IMG_5435-1-225x300.jpg 225w, https:\/\/szpitalpulawy.pl\/wp-content\/uploads\/2021\/06\/IMG_5435-1-1152x1536.jpg 1152w, https:\/\/szpitalpulawy.pl\/wp-content\/uploads\/2021\/06\/IMG_5435-1-1536x2048.jpg 1536w, https:\/\/szpitalpulawy.pl\/wp-content\/uploads\/2021\/06\/IMG_5435-1-scaled.jpg 1920w\" sizes=\"auto, (max-width: 768px) 100vw, 768px\" \/><\/figure><\/li><li class=\"blocks-gallery-item\"><figure><img loading=\"lazy\" decoding=\"async\" width=\"768\" height=\"1024\" src=\"https:\/\/szpitalpulawy.pl\/wp-content\/uploads\/2021\/06\/f2e62b47-749f-4b09-bf18-85bc33928ea5-2.jpg\" alt=\"\" data-id=\"2288\" data-full-url=\"https:\/\/szpitalpulawy.pl\/wp-content\/uploads\/2021\/06\/f2e62b47-749f-4b09-bf18-85bc33928ea5-2.jpg\" data-link=\"https:\/\/szpitalpulawy.pl\/?attachment_id=2288\" class=\"wp-image-2288\" srcset=\"https:\/\/szpitalpulawy.pl\/wp-content\/uploads\/2021\/06\/f2e62b47-749f-4b09-bf18-85bc33928ea5-2.jpg 768w, https:\/\/szpitalpulawy.pl\/wp-content\/uploads\/2021\/06\/f2e62b47-749f-4b09-bf18-85bc33928ea5-2-225x300.jpg 225w\" sizes=\"auto, (max-width: 768px) 100vw, 768px\" \/><\/figure><\/li><li class=\"blocks-gallery-item\"><figure><img loading=\"lazy\" decoding=\"async\" width=\"1024\" height=\"768\" src=\"https:\/\/szpitalpulawy.pl\/wp-content\/uploads\/2021\/06\/7026bc48-7d82-45ae-b5ae-7a4fdceb048f-1-1024x768.jpg\" alt=\"\" data-id=\"2287\" data-full-url=\"https:\/\/szpitalpulawy.pl\/wp-content\/uploads\/2021\/06\/7026bc48-7d82-45ae-b5ae-7a4fdceb048f-1.jpg\" data-link=\"https:\/\/szpitalpulawy.pl\/?attachment_id=2287\" class=\"wp-image-2287\" srcset=\"https:\/\/szpitalpulawy.pl\/wp-content\/uploads\/2021\/06\/7026bc48-7d82-45ae-b5ae-7a4fdceb048f-1-1024x768.jpg 1024w, https:\/\/szpitalpulawy.pl\/wp-content\/uploads\/2021\/06\/7026bc48-7d82-45ae-b5ae-7a4fdceb048f-1-300x225.jpg 300w, https:\/\/szpitalpulawy.pl\/wp-content\/uploads\/2021\/06\/7026bc48-7d82-45ae-b5ae-7a4fdceb048f-1-768x576.jpg 768w, https:\/\/szpitalpulawy.pl\/wp-content\/uploads\/2021\/06\/7026bc48-7d82-45ae-b5ae-7a4fdceb048f-1-1536x1152.jpg 1536w, https:\/\/szpitalpulawy.pl\/wp-content\/uploads\/2021\/06\/7026bc48-7d82-45ae-b5ae-7a4fdceb048f-1.jpg 1600w\" sizes=\"auto, (max-width: 1024px) 100vw, 1024px\" \/><\/figure><\/li><\/ul><\/figure>\n","protected":false},"excerpt":{"rendered":"<p>W dniu 29 czerwca 2021 r prezydent Rzeczypospolitej Polskiej Andrzej Duda wr\u0119czy\u0142 odznaczenia pa\u0144stwowe osobom zas\u0142u\u017conym w dzia\u0142alno\u015bci na rzecz zwalczania epidemii SARS-CoV-2. W uroczysto\u015bci uczestniczyli przedstawiciele SP ZOZ w Pu\u0142awach, kt\u00f3rzy z r\u0105k Prezydenta otrzymali\u00a0 ,,Z\u0142oty Krzy\u017c Zas\u0142ug\u2019\u2019. Odznaczenia otrzymali:zdj. powy\u017cej od lewej: dr n.med. Marek Pa\u017adzior, dr n.med. Jaros\u0142aw Furtak, dr n.med. Jacek [&hellip;]<\/p>\n","protected":false},"author":1,"featured_media":2262,"comment_status":"closed","ping_status":"closed","sticky":false,"template":"","format":"standard","meta":{"footnotes":""},"categories":[4],"tags":[],"class_list":["post-2261","post","type-post","status-publish","format-standard","has-post-thumbnail","hentry","category-aktualnosci"],"_links":{"self":[{"href":"https:\/\/szpitalpulawy.pl\/index.php?rest_route=\/wp\/v2\/posts\/2261","targetHints":{"allow":["GET"]}}],"collection":[{"href":"https:\/\/szpitalpulawy.pl\/index.php?rest_route=\/wp\/v2\/posts"}],"about":[{"href":"https:\/\/szpitalpulawy.pl\/index.php?rest_route=\/wp\/v2\/types\/post"}],"author":[{"embeddable":true,"href":"https:\/\/szpitalpulawy.pl\/index.php?rest_route=\/wp\/v2\/users\/1"}],"replies":[{"embeddable":true,"href":"https:\/\/szpitalpulawy.pl\/index.php?rest_route=%2Fwp%2Fv2%2Fcomments&post=2261"}],"version-history":[{"count":13,"href":"https:\/\/szpitalpulawy.pl\/index.php?rest_route=\/wp\/v2\/posts\/2261\/revisions"}],"predecessor-version":[{"id":2300,"href":"https:\/\/szpitalpulawy.pl\/index.php?rest_route=\/wp\/v2\/posts\/2261\/revisions\/2300"}],"wp:featuredmedia":[{"embeddable":true,"href":"https:\/\/szpitalpulawy.pl\/index.php?rest_route=\/wp\/v2\/media\/2262"}],"wp:attachment":[{"href":"https:\/\/szpitalpulawy.pl\/index.php?rest_route=%2Fwp%2Fv2%2Fmedia&parent=2261"}],"wp:term":[{"taxonomy":"category","embeddable":true,"href":"https:\/\/szpitalpulawy.pl\/index.php?rest_route=%2Fwp%2Fv2%2Fcategories&post=2261"},{"taxonomy":"post_tag","embeddable":true,"href":"https:\/\/szpitalpulawy.pl\/index.php?rest_route=%2Fwp%2Fv2%2Ftags&post=2261"}],"curies":[{"name":"wp","href":"https:\/\/api.w.org\/{rel}","templated":true}]}}