{"id":2725,"date":"2022-08-03T07:48:28","date_gmt":"2022-08-03T07:48:28","guid":{"rendered":"https:\/\/szpitalpulawy.pl\/?p=2725"},"modified":"2022-08-03T07:54:24","modified_gmt":"2022-08-03T07:54:24","slug":"wizyta-ministra-zdrowia-adama-niedzielskiego","status":"publish","type":"post","link":"https:\/\/szpitalpulawy.pl\/?p=2725","title":{"rendered":"Wizyta Ministra Zdrowia- Adama Niedzielskiego"},"content":{"rendered":"\n<p>W dniu 28 lipca w SPZOZ w Pu\u0142awach odby\u0142o si\u0119 spotkanie z udzia\u0142em Ministra Zdrowia Adama Niedzielskiego po\u015bwi\u0119cone sytuacji epidemicznej oraz dofinansowaniu oddzia\u0142\u00f3w zaka\u017anych. Pu\u0142awski Szpital otrzyma <strong>8 mln z\u0142<\/strong>, z czego \u00a0zostanie zakupiony sprz\u0119t diagnostyczny:\u00a0 tomograf komputerowy, angiograf, aparatura ultrasonograficzna z kompletem g\u0142owic, 7 stanowisk do intensywnej terapii, a tak\u017ce oczyszczacze powietrza i urz\u0105dzenia do dekontaminacji\u00a0.<\/p>\n<p>W spotkaniu uczestniczyli\u00a0 m.in. wiceminister zdrowia Marcin Martyniak, pos\u0142owie na Sejm RP Gabriela Mas\u0142owska i Sylwester Tu\u0142ajew, wicewojewoda lubelski Robert Gmitruczuk, marsza\u0142ek wojew\u00f3dztwa lubelskiego Jaros\u0142aw Stawiarski, starosta pu\u0142awski Danuta Smaga oraz Z-ca dyrektora ds. Lecznictwa SP ZOZ w Pu\u0142awach dr n.med. Marek Pa\u017adzior i \u00a0Pe\u0142nomocnik dyrektora ds. procedur medycznych dr n.med. Artur Bodys.<\/p>\n<p>Spotkanie by\u0142o r\u00f3wnie\u017c po\u015bwi\u0119cone konkursowi, kt\u00f3ry dotyczy\u0142 wsparcia oddzia\u0142\u00f3w zaka\u017anych oraz pracowni diagnostycznych (REACT-EU). Fot. Marta Panasiuk, Ewelina Szulc\/LUW<\/p>\n<p><a href=\"https:\/\/szpitalpulawy.pl\/wp-content\/uploads\/2022\/08\/2.jpg\"><img loading=\"lazy\" decoding=\"async\" class=\"alignleft size-medium wp-image-2726\" src=\"https:\/\/szpitalpulawy.pl\/wp-content\/uploads\/2022\/08\/2-300x200.jpg\" alt=\"\" width=\"300\" height=\"200\" srcset=\"https:\/\/szpitalpulawy.pl\/wp-content\/uploads\/2022\/08\/2-300x200.jpg 300w, https:\/\/szpitalpulawy.pl\/wp-content\/uploads\/2022\/08\/2-1024x683.jpg 1024w, https:\/\/szpitalpulawy.pl\/wp-content\/uploads\/2022\/08\/2-768x512.jpg 768w, https:\/\/szpitalpulawy.pl\/wp-content\/uploads\/2022\/08\/2.jpg 1500w\" sizes=\"auto, (max-width: 300px) 100vw, 300px\" \/><\/a><a href=\"https:\/\/szpitalpulawy.pl\/wp-content\/uploads\/2022\/08\/1.jpg\"><img loading=\"lazy\" decoding=\"async\" class=\"alignleft size-medium wp-image-2728\" src=\"https:\/\/szpitalpulawy.pl\/wp-content\/uploads\/2022\/08\/1-300x200.jpg\" alt=\"\" width=\"300\" height=\"200\" srcset=\"https:\/\/szpitalpulawy.pl\/wp-content\/uploads\/2022\/08\/1-300x200.jpg 300w, https:\/\/szpitalpulawy.pl\/wp-content\/uploads\/2022\/08\/1-1024x683.jpg 1024w, https:\/\/szpitalpulawy.pl\/wp-content\/uploads\/2022\/08\/1-768x513.jpg 768w, https:\/\/szpitalpulawy.pl\/wp-content\/uploads\/2022\/08\/1.jpg 1500w\" sizes=\"auto, (max-width: 300px) 100vw, 300px\" \/><\/a><a href=\"https:\/\/szpitalpulawy.pl\/wp-content\/uploads\/2022\/08\/3.jpg\"><img loading=\"lazy\" decoding=\"async\" class=\"alignleft size-medium wp-image-2729\" src=\"https:\/\/szpitalpulawy.pl\/wp-content\/uploads\/2022\/08\/3-300x200.jpg\" alt=\"\" width=\"300\" height=\"200\" srcset=\"https:\/\/szpitalpulawy.pl\/wp-content\/uploads\/2022\/08\/3-300x200.jpg 300w, https:\/\/szpitalpulawy.pl\/wp-content\/uploads\/2022\/08\/3-1024x683.jpg 1024w, https:\/\/szpitalpulawy.pl\/wp-content\/uploads\/2022\/08\/3-768x512.jpg 768w, https:\/\/szpitalpulawy.pl\/wp-content\/uploads\/2022\/08\/3.jpg 1500w\" sizes=\"auto, (max-width: 300px) 100vw, 300px\" \/><\/a><a href=\"https:\/\/szpitalpulawy.pl\/wp-content\/uploads\/2022\/08\/4.jpg\"><img loading=\"lazy\" decoding=\"async\" class=\"alignleft size-medium wp-image-2730\" src=\"https:\/\/szpitalpulawy.pl\/wp-content\/uploads\/2022\/08\/4-300x200.jpg\" alt=\"\" width=\"300\" height=\"200\" srcset=\"https:\/\/szpitalpulawy.pl\/wp-content\/uploads\/2022\/08\/4-300x200.jpg 300w, https:\/\/szpitalpulawy.pl\/wp-content\/uploads\/2022\/08\/4-1024x683.jpg 1024w, https:\/\/szpitalpulawy.pl\/wp-content\/uploads\/2022\/08\/4-768x513.jpg 768w, https:\/\/szpitalpulawy.pl\/wp-content\/uploads\/2022\/08\/4.jpg 1500w\" sizes=\"auto, (max-width: 300px) 100vw, 300px\" \/><\/a><a href=\"https:\/\/szpitalpulawy.pl\/wp-content\/uploads\/2022\/08\/5.jpg\"><img loading=\"lazy\" decoding=\"async\" class=\"alignleft size-medium wp-image-2731\" src=\"https:\/\/szpitalpulawy.pl\/wp-content\/uploads\/2022\/08\/5-300x200.jpg\" alt=\"\" width=\"300\" height=\"200\" srcset=\"https:\/\/szpitalpulawy.pl\/wp-content\/uploads\/2022\/08\/5-300x200.jpg 300w, https:\/\/szpitalpulawy.pl\/wp-content\/uploads\/2022\/08\/5-1024x683.jpg 1024w, https:\/\/szpitalpulawy.pl\/wp-content\/uploads\/2022\/08\/5-768x512.jpg 768w, https:\/\/szpitalpulawy.pl\/wp-content\/uploads\/2022\/08\/5.jpg 1500w\" sizes=\"auto, (max-width: 300px) 100vw, 300px\" \/><\/a><\/p>\n","protected":false},"excerpt":{"rendered":"<p>W dniu 28 lipca w SPZOZ w Pu\u0142awach odby\u0142o si\u0119 spotkanie z udzia\u0142em Ministra Zdrowia Adama Niedzielskiego po\u015bwi\u0119cone sytuacji epidemicznej oraz dofinansowaniu oddzia\u0142\u00f3w zaka\u017anych. Pu\u0142awski Szpital otrzyma 8 mln z\u0142, z czego \u00a0zostanie zakupiony sprz\u0119t diagnostyczny:\u00a0 tomograf komputerowy, angiograf, aparatura ultrasonograficzna z kompletem g\u0142owic, 7 stanowisk do intensywnej terapii, a tak\u017ce oczyszczacze powietrza i urz\u0105dzenia [&hellip;]<\/p>\n","protected":false},"author":10,"featured_media":2726,"comment_status":"closed","ping_status":"closed","sticky":false,"template":"","format":"standard","meta":{"footnotes":""},"categories":[4],"tags":[],"class_list":["post-2725","post","type-post","status-publish","format-standard","has-post-thumbnail","hentry","category-aktualnosci"],"_links":{"self":[{"href":"https:\/\/szpitalpulawy.pl\/index.php?rest_route=\/wp\/v2\/posts\/2725","targetHints":{"allow":["GET"]}}],"collection":[{"href":"https:\/\/szpitalpulawy.pl\/index.php?rest_route=\/wp\/v2\/posts"}],"about":[{"href":"https:\/\/szpitalpulawy.pl\/index.php?rest_route=\/wp\/v2\/types\/post"}],"author":[{"embeddable":true,"href":"https:\/\/szpitalpulawy.pl\/index.php?rest_route=\/wp\/v2\/users\/10"}],"replies":[{"embeddable":true,"href":"https:\/\/szpitalpulawy.pl\/index.php?rest_route=%2Fwp%2Fv2%2Fcomments&post=2725"}],"version-history":[{"count":8,"href":"https:\/\/szpitalpulawy.pl\/index.php?rest_route=\/wp\/v2\/posts\/2725\/revisions"}],"predecessor-version":[{"id":2845,"href":"https:\/\/szpitalpulawy.pl\/index.php?rest_route=\/wp\/v2\/posts\/2725\/revisions\/2845"}],"wp:featuredmedia":[{"embeddable":true,"href":"https:\/\/szpitalpulawy.pl\/index.php?rest_route=\/wp\/v2\/media\/2726"}],"wp:attachment":[{"href":"https:\/\/szpitalpulawy.pl\/index.php?rest_route=%2Fwp%2Fv2%2Fmedia&parent=2725"}],"wp:term":[{"taxonomy":"category","embeddable":true,"href":"https:\/\/szpitalpulawy.pl\/index.php?rest_route=%2Fwp%2Fv2%2Fcategories&post=2725"},{"taxonomy":"post_tag","embeddable":true,"href":"https:\/\/szpitalpulawy.pl\/index.php?rest_route=%2Fwp%2Fv2%2Ftags&post=2725"}],"curies":[{"name":"wp","href":"https:\/\/api.w.org\/{rel}","templated":true}]}}