{"id":431,"date":"2017-11-08T02:22:43","date_gmt":"2017-11-08T02:22:43","guid":{"rendered":"http:\/\/szpitalpulawy.pl\/wordpress\/?p=431"},"modified":"2020-12-30T12:11:30","modified_gmt":"2020-12-30T12:11:30","slug":"pulawski-szpital-placowka-z-potencjalem","status":"publish","type":"post","link":"https:\/\/szpitalpulawy.pl\/?p=431","title":{"rendered":"Pu\u0142awski szpital, plac\u00f3wk\u0105 z potencja\u0142em"},"content":{"rendered":"<p>Od 1 pa\u017adziernika 2017 roku w ca\u0142ym kraju ruszy\u0142a tzw. sie\u0107 szpitali. W wojew\u00f3dztwie lubelskim w sieci znalaz\u0142o si\u0119 37 plac\u00f3wek w tym r\u00f3wnie\u017c szpital w Pu\u0142awach. Jest to niew\u0105tpliwa nobilitacja dla pu\u0142awskiego SP ZOZ, szczeg\u00f3lnie \u017ce jest on jedynym szpitalem powiatowym w naszym wojew\u00f3dztwie, kt\u00f3ry znalaz\u0142 si\u0119 na III poziomie referencyjno\u015bci i dzi\u0119ki temu m.in. nie b\u0119dzie musia\u0142 stawa\u0107 do konkurs\u00f3w zwi\u0105zanych z finansowaniem leczenia.<\/p>\n<p>We wrze\u015bniu na terenie ca\u0142ego wojew\u00f3dztwa odby\u0142y si\u0119 spotkania informacyjne organizowane przez Narodowy Fundusz Zdrowia, a kt\u00f3rych celem by\u0142o wyja\u015bnienie pacjentom na czym maj\u0105 polega\u0107 korzy\u015bci zwi\u0105zane z pojawieniem si\u0119 sieci szpitali. W pu\u0142awskim szpitalu takie spotkanie odby\u0142o si\u0119 20 wrze\u015bnia, a udzia\u0142 w nim wzi\u0105\u0142 m.in. Karol Tarkowski, dyrektor Wojew\u00f3dzkiego Oddzia\u0142u NFZ w Lublinie, kt\u00f3ry przy okazji wizyty w Pu\u0142awach w towarzystwie starosty pu\u0142awskiego Witolda Popio\u0142ka i dyrektora Piotra Rybaka obejrza\u0142 z bliska szpitalne oddzia\u0142y.<\/p>\n<p>&#8211; Uwa\u017cam, ze wizyta w SP ZOZ w Pu\u0142awach, by\u0142a bardzo owocna i oceniam j\u0105 bardzo pozytywnie. Mia\u0142em okazj\u0119 zobaczy\u0107 jak funkcjonuje Szpital, w jakich warunkach leczeni s\u0105 pacjenci, jak zorganizowana jest opieka w szczeg\u00f3lno\u015bci nad tymi najm\u0142odszymi, kt\u00f3rzy w SP ZOZ witaj\u0105 si\u0119 ze \u015bwiatem. Dobrze zorganizowany i \u015bwietnie wyposa\u017cony jest oddzia\u0142 kardiologiczny. Licz\u0119, \u017ce w oparciu o posiadany potencja\u0142 szpital b\u0119dzie ubiega\u0142 si\u0119 o umow\u0119 z Lubelskim OW NFZ w zakresie \u015bwiadcze\u0144 kompleksowej opieki nad pacjentem po zawale mi\u0119\u015bnia sercowego \u2013 wyja\u015bnia dyrektor Tarkowski i dodaje: &#8211; Ciekawie zorganizowane jest centrum pediatryczne skupiaj\u0105ce oddzia\u0142 pediatryczny, chirurgii dzieci\u0119cej i chor\u00f3b zaka\u017anych dla dzieci, zapewniaj\u0105ce ju\u017c teraz kompleksow\u0105 opiek\u0119 nad najm\u0142odszymi mieszka\u0144cami Pu\u0142aw i okolic. Widz\u0119 ogromny potencja\u0142 rozwoju oddzia\u0142u neurologicznego, w szczeg\u00f3lno\u015bci w cz\u0119\u015bci dotycz\u0105cej leczenia udar\u00f3w. Chcia\u0142bym zaznaczy\u0107, \u017ce wyda\u0142em pozytywn\u0105 opini\u0119 odno\u015bnie celowo\u015bci inwestycji w systemie IOWISZ w zakresie pracowni rezonansu magnetycznego, kt\u00f3ra b\u0119dzie wspiera\u0142a m.in. proces diagnostyki neurologicznej \u2013 t\u0142umaczy szef lubelskiego NFZ, kt\u00f3ry odwiedzi\u0142 r\u00f3wnie\u017c oddzia\u0142y przeznaczone dla przysz\u0142ych mam:-\u00a0 Wra\u017cenie na mnie zrobi\u0142y r\u00f3wnie\u017c warunki udzielania \u015bwiadcze\u0144 w oddziale po\u0142o\u017cniczo-ginekologicznym i noworodkowym, gdzie od kilku miesi\u0119cy realizowana jest kompleksowa opieka nad kobietami w ci\u0105\u017cy.<\/p>\n<p>Dyrektor Tarkowski podzi\u0119kowa\u0142 r\u00f3wnie\u017c za wsp\u00f3lne przygotowanie akcji informacyjnej dla pacjent\u00f3w &#8211; Chcia\u0142bym na r\u0119ce p. Piotra Rybaka Dyrektora SP ZOZ w Pu\u0142awach z\u0142o\u017cy\u0107 serdeczne podzi\u0119kowania za wsp\u00f3\u0142prac\u0119 w organizacji stoiska informacyjnego NFZ w zakresie sieci szpitali, kt\u00f3re zosta\u0142o przygotowane 20 wrze\u015bnia w pu\u0142awskim szpitalu. Akcja cieszy\u0142a si\u0119 bardzo du\u017cym zainteresowaniem mieszka\u0144c\u00f3w miasta. Odwiedzi\u0142o nas w tym dniu ponad 130 os\u00f3b. Akcja odnios\u0142a du\u017cy sukces dzi\u0119ki \u015bwietnej organizacji i zaanga\u017cowaniu za\u0142ogi szpitala.<\/p>\n<p>Swojego zadowolenia z coraz wi\u0119kszego znaczenia pu\u0142awskiego szpitala, nie kry\u0142 r\u00f3wnie\u017c starostwa pu\u0142awski Witold Popio\u0142ek.\u00a0&#8211; Mamy \u015bwiadomo\u015b\u0107, \u017ce szpital wymaga jeszcze wielu nak\u0142ad\u00f3w, ale cieszymy si\u0119, \u017ce plac\u00f3wka zosta\u0142a doceniona i to w skali ca\u0142ego wojew\u00f3dztwa. Jest to na pewno zas\u0142uga znakomitych specjalist\u00f3w, lekarzy, piel\u0119gniarek, ca\u0142ego personelu oraz wszystkich podmiot\u00f3w, kt\u00f3re wspieraj\u0105 rozw\u00f3j szpitala dla wsp\u00f3lnego dobra \u2013 podsumowa\u0142 starosta.<\/p>\n","protected":false},"excerpt":{"rendered":"<p>Od 1 pa\u017adziernika w ca\u0142ym kraju ruszy\u0142a tzw. sie\u0107 szpitali. W wojew\u00f3dztwie lubelskim w sieci znalaz\u0142o si\u0119 37 plac\u00f3wek w tym r\u00f3wnie\u017c szpital w Pu\u0142awach. Jest to&#8230;<\/p>\n","protected":false},"author":1,"featured_media":432,"comment_status":"closed","ping_status":"closed","sticky":false,"template":"","format":"standard","meta":{"footnotes":""},"categories":[1],"tags":[],"class_list":["post-431","post","type-post","status-publish","format-standard","has-post-thumbnail","hentry","category-uncategorized"],"_links":{"self":[{"href":"https:\/\/szpitalpulawy.pl\/index.php?rest_route=\/wp\/v2\/posts\/431","targetHints":{"allow":["GET"]}}],"collection":[{"href":"https:\/\/szpitalpulawy.pl\/index.php?rest_route=\/wp\/v2\/posts"}],"about":[{"href":"https:\/\/szpitalpulawy.pl\/index.php?rest_route=\/wp\/v2\/types\/post"}],"author":[{"embeddable":true,"href":"https:\/\/szpitalpulawy.pl\/index.php?rest_route=\/wp\/v2\/users\/1"}],"replies":[{"embeddable":true,"href":"https:\/\/szpitalpulawy.pl\/index.php?rest_route=%2Fwp%2Fv2%2Fcomments&post=431"}],"version-history":[{"count":0,"href":"https:\/\/szpitalpulawy.pl\/index.php?rest_route=\/wp\/v2\/posts\/431\/revisions"}],"wp:featuredmedia":[{"embeddable":true,"href":"https:\/\/szpitalpulawy.pl\/index.php?rest_route=\/wp\/v2\/media\/432"}],"wp:attachment":[{"href":"https:\/\/szpitalpulawy.pl\/index.php?rest_route=%2Fwp%2Fv2%2Fmedia&parent=431"}],"wp:term":[{"taxonomy":"category","embeddable":true,"href":"https:\/\/szpitalpulawy.pl\/index.php?rest_route=%2Fwp%2Fv2%2Fcategories&post=431"},{"taxonomy":"post_tag","embeddable":true,"href":"https:\/\/szpitalpulawy.pl\/index.php?rest_route=%2Fwp%2Fv2%2Ftags&post=431"}],"curies":[{"name":"wp","href":"https:\/\/api.w.org\/{rel}","templated":true}]}}