{"id":4806,"date":"2024-09-12T05:56:04","date_gmt":"2024-09-12T05:56:04","guid":{"rendered":"https:\/\/szpitalpulawy.pl\/?p=4806"},"modified":"2024-09-12T05:56:09","modified_gmt":"2024-09-12T05:56:09","slug":"nowy-dyrektor-spzoz-w-pulawach","status":"publish","type":"post","link":"https:\/\/szpitalpulawy.pl\/?p=4806","title":{"rendered":"Nowy Dyrektor SPZOZ w Pu\u0142awach"},"content":{"rendered":"<div class=\"wpb-content-wrapper\"><p>[vc_row][vc_column][vc_column_text]Uchwa\u0142\u0105 nr 75\/2024 Zarz\u0105du Powiatu Pu\u0142awskiego z dnia 27 sierpnia 2024 roku funkcj\u0119 P. o. Dyrektora SP ZOZ w Pu\u0142awach z dniem 1 wrze\u015bnia 2024 roku\u00a0 b\u0119dzie sprawowa\u0142 Pan Krzysztof Siejko.[\/vc_column_text][vc_gallery type=&#8221;image_grid&#8221; images=&#8221;4804,4803,4802,4805&#8243; css=&#8221;&#8221;][\/vc_column][\/vc_row]<\/p>\n<\/div>","protected":false},"excerpt":{"rendered":"<p>[vc_row][vc_column][vc_column_text]Uchwa\u0142\u0105 nr 75\/2024 Zarz\u0105du Powiatu Pu\u0142awskiego z dnia 27 sierpnia 2024 roku funkcj\u0119 P. o. Dyrektora SP ZOZ w Pu\u0142awach z dniem 1 wrze\u015bnia 2024 roku\u00a0 b\u0119dzie sprawowa\u0142 Pan Krzysztof Siejko.[\/vc_column_text][vc_gallery type=&#8221;image_grid&#8221; images=&#8221;4804,4803,4802,4805&#8243; css=&#8221;&#8221;][\/vc_column][\/vc_row]<\/p>\n","protected":false},"author":10,"featured_media":4802,"comment_status":"closed","ping_status":"closed","sticky":false,"template":"","format":"standard","meta":{"footnotes":""},"categories":[4],"tags":[],"class_list":["post-4806","post","type-post","status-publish","format-standard","has-post-thumbnail","hentry","category-aktualnosci"],"_links":{"self":[{"href":"https:\/\/szpitalpulawy.pl\/index.php?rest_route=\/wp\/v2\/posts\/4806","targetHints":{"allow":["GET"]}}],"collection":[{"href":"https:\/\/szpitalpulawy.pl\/index.php?rest_route=\/wp\/v2\/posts"}],"about":[{"href":"https:\/\/szpitalpulawy.pl\/index.php?rest_route=\/wp\/v2\/types\/post"}],"author":[{"embeddable":true,"href":"https:\/\/szpitalpulawy.pl\/index.php?rest_route=\/wp\/v2\/users\/10"}],"replies":[{"embeddable":true,"href":"https:\/\/szpitalpulawy.pl\/index.php?rest_route=%2Fwp%2Fv2%2Fcomments&post=4806"}],"version-history":[{"count":2,"href":"https:\/\/szpitalpulawy.pl\/index.php?rest_route=\/wp\/v2\/posts\/4806\/revisions"}],"predecessor-version":[{"id":4808,"href":"https:\/\/szpitalpulawy.pl\/index.php?rest_route=\/wp\/v2\/posts\/4806\/revisions\/4808"}],"wp:featuredmedia":[{"embeddable":true,"href":"https:\/\/szpitalpulawy.pl\/index.php?rest_route=\/wp\/v2\/media\/4802"}],"wp:attachment":[{"href":"https:\/\/szpitalpulawy.pl\/index.php?rest_route=%2Fwp%2Fv2%2Fmedia&parent=4806"}],"wp:term":[{"taxonomy":"category","embeddable":true,"href":"https:\/\/szpitalpulawy.pl\/index.php?rest_route=%2Fwp%2Fv2%2Fcategories&post=4806"},{"taxonomy":"post_tag","embeddable":true,"href":"https:\/\/szpitalpulawy.pl\/index.php?rest_route=%2Fwp%2Fv2%2Ftags&post=4806"}],"curies":[{"name":"wp","href":"https:\/\/api.w.org\/{rel}","templated":true}]}}