{"id":5471,"date":"2025-01-27T12:40:28","date_gmt":"2025-01-27T12:40:28","guid":{"rendered":"https:\/\/szpitalpulawy.pl\/?p=5471"},"modified":"2025-01-27T13:58:04","modified_gmt":"2025-01-27T13:58:04","slug":"dzien-otwarty-sali-porodowej-oddzialu-polozniczego-i-noworodkowego-w-spzoz-pulawy","status":"publish","type":"post","link":"https:\/\/szpitalpulawy.pl\/?p=5471","title":{"rendered":"DZIE\u0143 OTWARTY SALI PORODOWEJ ODDZIA\u0141U PO\u0141O\u017bNICZEGO I NOWORODKOWEGO W SPZOZ PU\u0141AWY"},"content":{"rendered":"<div class=\"wpb-content-wrapper\"><p>[vc_row][vc_column][vc_column_text css=&#8221;&#8221;]W dniu 22 stycznia 2025 r odby\u0142y si\u0119 dni otwarte w Oddziale Po\u0142o\u017cniczo-Ginekologicznym i Noworodkowym. Mieli\u015bmy ogromn\u0105 przyjemno\u015b\u0107 zaprosi\u0107 przysz\u0142ych rodzic\u00f3w do odwiedzin w naszych oddzia\u0142ach. Podczas zwiedzania przyszli rodzice mieli okazj\u0119 do uzyskania odpowiedzi na nurtuj\u0105ce ich pytania oraz do zapoznania si\u0119 i przekonania do wyboru naszej plac\u00f3wki na por\u00f3d dziecka. Zwiedzaj\u0105cy mogli zapozna\u0107 si\u0119 z wygl\u0105dem pokoi porodowych, sali ci\u0119\u0107, pokoi dla mam po porodzie, infrastruktur\u0105 oddzia\u0142u Po\u0142o\u017cniczo-Ginekologicznego i Noworodkowego.[\/vc_column_text][\/vc_column][\/vc_row][vc_row][vc_column][vc_gallery type=&#8221;image_grid&#8221; images=&#8221;5509,5485,5486,5484,5490,5508,5474,5506,5507,5505,5503,5502,5501,5498,5494,5493,5491,5492,5478,5556&#8243; css=&#8221;&#8221;][\/vc_column][\/vc_row]<\/p>\n<\/div>","protected":false},"excerpt":{"rendered":"<p>[vc_row][vc_column][vc_column_text css=&#8221;&#8221;]W dniu 22 stycznia 2025 r odby\u0142y si\u0119 dni otwarte w Oddziale Po\u0142o\u017cniczo-Ginekologicznym i Noworodkowym. Mieli\u015bmy ogromn\u0105 przyjemno\u015b\u0107 zaprosi\u0107 przysz\u0142ych rodzic\u00f3w do odwiedzin w naszych oddzia\u0142ach. Podczas zwiedzania przyszli rodzice mieli okazj\u0119 do uzyskania odpowiedzi na nurtuj\u0105ce ich pytania oraz do zapoznania si\u0119 i przekonania do wyboru naszej plac\u00f3wki na por\u00f3d dziecka. Zwiedzaj\u0105cy mogli [&hellip;]<\/p>\n","protected":false},"author":12,"featured_media":0,"comment_status":"closed","ping_status":"closed","sticky":false,"template":"","format":"standard","meta":{"footnotes":""},"categories":[4],"tags":[],"class_list":["post-5471","post","type-post","status-publish","format-standard","hentry","category-aktualnosci"],"_links":{"self":[{"href":"https:\/\/szpitalpulawy.pl\/index.php?rest_route=\/wp\/v2\/posts\/5471","targetHints":{"allow":["GET"]}}],"collection":[{"href":"https:\/\/szpitalpulawy.pl\/index.php?rest_route=\/wp\/v2\/posts"}],"about":[{"href":"https:\/\/szpitalpulawy.pl\/index.php?rest_route=\/wp\/v2\/types\/post"}],"author":[{"embeddable":true,"href":"https:\/\/szpitalpulawy.pl\/index.php?rest_route=\/wp\/v2\/users\/12"}],"replies":[{"embeddable":true,"href":"https:\/\/szpitalpulawy.pl\/index.php?rest_route=%2Fwp%2Fv2%2Fcomments&post=5471"}],"version-history":[{"count":28,"href":"https:\/\/szpitalpulawy.pl\/index.php?rest_route=\/wp\/v2\/posts\/5471\/revisions"}],"predecessor-version":[{"id":5557,"href":"https:\/\/szpitalpulawy.pl\/index.php?rest_route=\/wp\/v2\/posts\/5471\/revisions\/5557"}],"wp:attachment":[{"href":"https:\/\/szpitalpulawy.pl\/index.php?rest_route=%2Fwp%2Fv2%2Fmedia&parent=5471"}],"wp:term":[{"taxonomy":"category","embeddable":true,"href":"https:\/\/szpitalpulawy.pl\/index.php?rest_route=%2Fwp%2Fv2%2Fcategories&post=5471"},{"taxonomy":"post_tag","embeddable":true,"href":"https:\/\/szpitalpulawy.pl\/index.php?rest_route=%2Fwp%2Fv2%2Ftags&post=5471"}],"curies":[{"name":"wp","href":"https:\/\/api.w.org\/{rel}","templated":true}]}}