{"id":5647,"date":"2025-02-20T10:23:18","date_gmt":"2025-02-20T10:23:18","guid":{"rendered":"https:\/\/szpitalpulawy.pl\/?p=5647"},"modified":"2025-02-20T10:27:49","modified_gmt":"2025-02-20T10:27:49","slug":"wyklady-z-zakresu-zdrowego-odzywiania","status":"publish","type":"post","link":"https:\/\/szpitalpulawy.pl\/?p=5647","title":{"rendered":"Wyk\u0142ady z zakresu zdrowego od\u017cywiania"},"content":{"rendered":"<div class=\"wpb-content-wrapper\"><p>[vc_row][vc_column][vc_column_text css=&#8221;&#8221;]W czwartkowe popo\u0142udnie 13.02.2024 r pracownicy SPZOZ w Pu\u0142awach na zaproszenie Pani Prezes Uniwersytetu Trzeciego Wieku Oddzia\u0142 w Pu\u0142awach Pani Alicji Sto\u0142eckiej poprowadzili wyk\u0142ady z zakresu zdrowego od\u017cywiania. Wyk\u0142ad zrealizowa\u0142y dietetyczki Katarzyna Ru\u0142ka i Aleksandra Borek. W swoim wyst\u0105pieniu poruszy\u0142y temat zdrowego od\u017cywiania z uwzgl\u0119dnieniem aktualnych wytycznych i zalece\u0144 w tym obszarze. Naczelna Piel\u0119gniarka Hanna Kamola podsumowa\u0142a znaczenie \u017cywienia jako jednego z determinant\u00f3w zdrowia, nast\u0119pnie skierowa\u0142a zaproszenie do S\u0142uchaczy Uniwersytetu Trzeciego Wieku do uczestnictwa w dzia\u0142aniach profilaktycznych realizowanych przez Przychodni\u0119 Podstawowej Opieki Zdrowotnej Nr 1, 2, 3 i 4, w tym Profilaktyk\u0119 40+. W trakcie spotkania Piel\u0119gniarki Przychodni POZ Jolanta Mordacz oraz Iwona Kozie\u0142 wykonywa\u0142y u s\u0142uchaczy pomiar RR i poziomu glikemii. Dzia\u0142ania te cieszy\u0142y si\u0119 du\u017cym zainteresowaniem w\u015br\u00f3d uczestnik\u00f3w zaj\u0119\u0107.[\/vc_column_text][\/vc_column][\/vc_row][vc_row][vc_column][vc_gallery type=&#8221;image_grid&#8221; images=&#8221;5650,5652,5653&#8243; css=&#8221;&#8221;][\/vc_column][\/vc_row]<\/p>\n<\/div>","protected":false},"excerpt":{"rendered":"<p>[vc_row][vc_column][vc_column_text css=&#8221;&#8221;]W czwartkowe popo\u0142udnie 13.02.2024 r pracownicy SPZOZ w Pu\u0142awach na zaproszenie Pani Prezes Uniwersytetu Trzeciego Wieku Oddzia\u0142 w Pu\u0142awach Pani Alicji Sto\u0142eckiej poprowadzili wyk\u0142ady z zakresu zdrowego od\u017cywiania. Wyk\u0142ad zrealizowa\u0142y dietetyczki Katarzyna Ru\u0142ka i Aleksandra Borek. W swoim wyst\u0105pieniu poruszy\u0142y temat zdrowego od\u017cywiania z uwzgl\u0119dnieniem aktualnych wytycznych i zalece\u0144 w tym obszarze. Naczelna Piel\u0119gniarka [&hellip;]<\/p>\n","protected":false},"author":12,"featured_media":0,"comment_status":"closed","ping_status":"closed","sticky":false,"template":"","format":"standard","meta":{"footnotes":""},"categories":[4],"tags":[],"class_list":["post-5647","post","type-post","status-publish","format-standard","hentry","category-aktualnosci"],"_links":{"self":[{"href":"https:\/\/szpitalpulawy.pl\/index.php?rest_route=\/wp\/v2\/posts\/5647","targetHints":{"allow":["GET"]}}],"collection":[{"href":"https:\/\/szpitalpulawy.pl\/index.php?rest_route=\/wp\/v2\/posts"}],"about":[{"href":"https:\/\/szpitalpulawy.pl\/index.php?rest_route=\/wp\/v2\/types\/post"}],"author":[{"embeddable":true,"href":"https:\/\/szpitalpulawy.pl\/index.php?rest_route=\/wp\/v2\/users\/12"}],"replies":[{"embeddable":true,"href":"https:\/\/szpitalpulawy.pl\/index.php?rest_route=%2Fwp%2Fv2%2Fcomments&post=5647"}],"version-history":[{"count":2,"href":"https:\/\/szpitalpulawy.pl\/index.php?rest_route=\/wp\/v2\/posts\/5647\/revisions"}],"predecessor-version":[{"id":5654,"href":"https:\/\/szpitalpulawy.pl\/index.php?rest_route=\/wp\/v2\/posts\/5647\/revisions\/5654"}],"wp:attachment":[{"href":"https:\/\/szpitalpulawy.pl\/index.php?rest_route=%2Fwp%2Fv2%2Fmedia&parent=5647"}],"wp:term":[{"taxonomy":"category","embeddable":true,"href":"https:\/\/szpitalpulawy.pl\/index.php?rest_route=%2Fwp%2Fv2%2Fcategories&post=5647"},{"taxonomy":"post_tag","embeddable":true,"href":"https:\/\/szpitalpulawy.pl\/index.php?rest_route=%2Fwp%2Fv2%2Ftags&post=5647"}],"curies":[{"name":"wp","href":"https:\/\/api.w.org\/{rel}","templated":true}]}}