{"id":5733,"date":"2025-03-14T07:09:16","date_gmt":"2025-03-14T07:09:16","guid":{"rendered":"https:\/\/szpitalpulawy.pl\/?p=5733"},"modified":"2025-03-17T13:28:59","modified_gmt":"2025-03-17T13:28:59","slug":"konferencja-otwarcia-projektu-the-interreg-next-polska-ukraina-2021-2027","status":"publish","type":"post","link":"https:\/\/szpitalpulawy.pl\/?p=5733","title":{"rendered":"KONFERENCJA OTWARCIA PROJEKTU The Interreg NEXT Polska &#8211; Ukraina 2021-2027"},"content":{"rendered":"\n<p>W dniu 13 marca odby\u0142a si\u0119 inauguracja mi\u0119dzynarodowego projektu The Interreg NEXT Polska &#8211; Ukraina 2021-2027 Priorytet 2. ZDROWIE cel Zapewnienie r\u00f3wnego dost\u0119pu do opieki zdrowotnej i wspieranie odporno\u015bci system\u00f3w opieki zdrowotnej, w tym opieki podstawowej i promowanie przej\u015bcia z opieki instytucjonalnej na opiek\u0119 opart\u0105 na rodzinie i spo\u0142eczno\u015bci.<\/p>\n\n\n\n<p>Spotkanie odby\u0142o si\u0119 w Sali Pompeja\u0144skiej Starostwa Powiatowego w Pu\u0142awach. W wydarzeniu uczestniczyli przedstawiciele w\u0142adz samorz\u0105dowych, w\u00a0tym Pani Teresa Gutowska Starosta Pu\u0142awski, cz\u0142onkowie Zarz\u0105du \u0141ukasz Skowyra, Bogdan Krze\u015bniak ,Andrzej Mitruczuk , Grzegorz Nowosadzki Wiceprezydent Miasta Pu\u0142awy, Jacek Wilk -Wiceprzewodnicz\u0105cy Rady Powiatu, Pan Piotr Rybak Dyrektor Centrum Onkologii Ziemi Lubelskiej, Dyrekcja SPZOZ w Pu\u0142awach, Kierownicy Oddzia\u0142\u00f3w Szpitalnych i Dzia\u0142\u00f3w administracyjnych . Obecni byli r\u00f3wnie\u017c przedstawiciele Szpitala w \u0141ucku Iryna Sichkaruk \u2013 lekarz chirurg, Tetiana Zarubaiko- koordynator projektu, Kateryna Marviiuk- koordynator operacyjny i Olesia Hurska \u2013 specjalista ds. rozliczenia projektu.<\/p>\n\n\n\n<p><!--more--><\/p>\n\n\n\n<p>Podczas Konferencji zosta\u0142y wyg\u0142oszone prelekcje , kt\u00f3re rozpocz\u0105\u0142 dr. n.med. Marek Pa\u017adzior- Dyrektor SPZOZ w Pu\u0142awach , nast\u0119pnie Kierownik Oddzia\u0142u Kardiologii dr n.med. Jacek Gniot wyk\u0142ad pt. Medycyna w Pu\u0142awach \u2013 od Czartoryskich do wsp\u00f3\u0142czesno\u015bci,\u2019\u2019 oraz na zako\u0144czenie wyk\u0142ad Pani Kierownik Oddzia\u0142u Neurologii i Udarowego dr n.med. Moniki \u0141agowskiej-Chlewickiej pt,, Badania USG w Neurologii \u2018\u2019<\/p>\n\n\n\n<p>Konferencja mia\u0142a na celu przedstawienie najcz\u0119stszych problem\u00f3w zdrowotnych dotykaj\u0105cych mieszka\u0144c\u00f3w polsko-ukrai\u0144skiego obszaru przygranicznego. Aby sprosta\u0107 tym wyzwaniom, szpitale w Pu\u0142awach i \u0141ucku postanowi\u0142y nawi\u0105za\u0107 wsp\u00f3\u0142prac\u0119, wykorzystuj\u0105c swoje wsp\u00f3lne do\u015bwiadczenie i wiedz\u0119 specjalistyczn\u0105. G\u0142\u00f3wnym celem projektu jest zwalczanie chor\u00f3b cywilizacyjnych w powiecie pu\u0142awskim i obwodzie wo\u0142y\u0144skim. Partnerzy projektu planuj\u0105 osi\u0105gn\u0105\u0107 podniesienie \u015bwiadomo\u015bci spo\u0142ecznej i popraw\u0119 \u015brodk\u00f3w zapobiegawczych i diagnostycznych, ze szczeg\u00f3lnym uwzgl\u0119dnieniem neurologii, kardiologii i onkologii.<\/p>\n\n\n\n<p><strong>Szczeg\u00f3\u0142owe cele Projektu :<\/strong><\/p>\n\n\n\n<ul class=\"wp-block-list\">\n<li>Zwi\u0119kszenie dost\u0119pu do dzia\u0142a\u0144 profilaktycznych w zakresie chor\u00f3b sercowo-naczyniowych, neurologicznych i onkologicznych;<\/li>\n\n\n\n<li>Poprawa jako\u015bci procesu diagnostycznego &#8211; poprzez skr\u00f3cenie czasu oczekiwania, zwi\u0119kszenie precyzji wykonywanych bada\u0144 i wprowadzenie nowych procedur \u2013 dzi\u0119ki zakupowi specjalistycznego sprz\u0119tu medycznego: Angiograf, urz\u0105dzenie USG, Histeroskop, Wideokolposkop;<\/li>\n\n\n\n<li>Zaci\u015bnienie wsp\u00f3\u0142pracy transgranicznej pomi\u0119dzy SPZOZ w Pu\u0142awach i Miejskim Przedsi\u0119biorstwem Medycznym Wsp\u00f3lnoty Terytorialnej Miasta \u0141uck<\/li>\n\n\n\n<li>Szkolenie personelu medycznego z zakresu diagnostyki i leczenia chor\u00f3b cywilizacyjnych m.in. dzi\u0119ki wizycie studyjnej przedstawicieli Szpitala z \u0141ucka oraz seminariom szkoleniowym i konferencjom naukowym<\/li>\n<\/ul>\n\n\n\n<p><strong>Warto\u015b\u0107 projektu:<\/strong> 2&nbsp;776&nbsp;772, 78 euro.<br><strong>Planowane zako\u0144czenie projektu:<\/strong> 31 grudnia 2025 roku<\/p>\n\n\n\n<figure class=\"wp-block-gallery has-nested-images columns-default is-cropped wp-block-gallery-1 is-layout-flex wp-block-gallery-is-layout-flex\">\n<figure class=\"wp-block-image size-large\"><img loading=\"lazy\" decoding=\"async\" width=\"1024\" height=\"683\" data-id=\"5734\" src=\"https:\/\/szpitalpulawy.pl\/wp-content\/uploads\/2025\/03\/DSC_4595-Large-1024x683.jpg\" alt=\"\" class=\"wp-image-5734\" srcset=\"https:\/\/szpitalpulawy.pl\/wp-content\/uploads\/2025\/03\/DSC_4595-Large-1024x683.jpg 1024w, https:\/\/szpitalpulawy.pl\/wp-content\/uploads\/2025\/03\/DSC_4595-Large-300x200.jpg 300w, https:\/\/szpitalpulawy.pl\/wp-content\/uploads\/2025\/03\/DSC_4595-Large-768x512.jpg 768w, https:\/\/szpitalpulawy.pl\/wp-content\/uploads\/2025\/03\/DSC_4595-Large-1536x1024.jpg 1536w, https:\/\/szpitalpulawy.pl\/wp-content\/uploads\/2025\/03\/DSC_4595-Large.jpg 1620w\" sizes=\"auto, (max-width: 1024px) 100vw, 1024px\" \/><\/figure>\n\n\n\n<figure class=\"wp-block-image size-large\"><img loading=\"lazy\" decoding=\"async\" width=\"1024\" height=\"586\" data-id=\"5738\" src=\"https:\/\/szpitalpulawy.pl\/wp-content\/uploads\/2025\/03\/DSC_4596-Large-1024x586.jpg\" alt=\"\" class=\"wp-image-5738\" srcset=\"https:\/\/szpitalpulawy.pl\/wp-content\/uploads\/2025\/03\/DSC_4596-Large-1024x586.jpg 1024w, https:\/\/szpitalpulawy.pl\/wp-content\/uploads\/2025\/03\/DSC_4596-Large-300x172.jpg 300w, https:\/\/szpitalpulawy.pl\/wp-content\/uploads\/2025\/03\/DSC_4596-Large-768x440.jpg 768w, https:\/\/szpitalpulawy.pl\/wp-content\/uploads\/2025\/03\/DSC_4596-Large-1536x880.jpg 1536w, https:\/\/szpitalpulawy.pl\/wp-content\/uploads\/2025\/03\/DSC_4596-Large.jpg 1886w\" sizes=\"auto, (max-width: 1024px) 100vw, 1024px\" \/><\/figure>\n\n\n\n<figure class=\"wp-block-image size-large\"><img loading=\"lazy\" decoding=\"async\" width=\"1024\" height=\"611\" data-id=\"5737\" src=\"https:\/\/szpitalpulawy.pl\/wp-content\/uploads\/2025\/03\/DSC_4601-Large-1024x611.jpg\" alt=\"\" class=\"wp-image-5737\" srcset=\"https:\/\/szpitalpulawy.pl\/wp-content\/uploads\/2025\/03\/DSC_4601-Large-1024x611.jpg 1024w, https:\/\/szpitalpulawy.pl\/wp-content\/uploads\/2025\/03\/DSC_4601-Large-300x179.jpg 300w, https:\/\/szpitalpulawy.pl\/wp-content\/uploads\/2025\/03\/DSC_4601-Large-768x459.jpg 768w, https:\/\/szpitalpulawy.pl\/wp-content\/uploads\/2025\/03\/DSC_4601-Large-1536x917.jpg 1536w, https:\/\/szpitalpulawy.pl\/wp-content\/uploads\/2025\/03\/DSC_4601-Large.jpg 1809w\" sizes=\"auto, (max-width: 1024px) 100vw, 1024px\" \/><\/figure>\n\n\n\n<figure class=\"wp-block-image size-large\"><img loading=\"lazy\" decoding=\"async\" width=\"1024\" height=\"683\" data-id=\"5735\" src=\"https:\/\/szpitalpulawy.pl\/wp-content\/uploads\/2025\/03\/DSC_4603-Large-1024x683.jpg\" alt=\"\" class=\"wp-image-5735\" srcset=\"https:\/\/szpitalpulawy.pl\/wp-content\/uploads\/2025\/03\/DSC_4603-Large-1024x683.jpg 1024w, https:\/\/szpitalpulawy.pl\/wp-content\/uploads\/2025\/03\/DSC_4603-Large-300x200.jpg 300w, https:\/\/szpitalpulawy.pl\/wp-content\/uploads\/2025\/03\/DSC_4603-Large-768x512.jpg 768w, https:\/\/szpitalpulawy.pl\/wp-content\/uploads\/2025\/03\/DSC_4603-Large-1536x1024.jpg 1536w, https:\/\/szpitalpulawy.pl\/wp-content\/uploads\/2025\/03\/DSC_4603-Large.jpg 1620w\" sizes=\"auto, (max-width: 1024px) 100vw, 1024px\" \/><\/figure>\n\n\n\n<figure class=\"wp-block-image size-large\"><img loading=\"lazy\" decoding=\"async\" width=\"1024\" height=\"683\" data-id=\"5739\" src=\"https:\/\/szpitalpulawy.pl\/wp-content\/uploads\/2025\/03\/DSC_4607-Large-1024x683.jpg\" alt=\"\" class=\"wp-image-5739\" srcset=\"https:\/\/szpitalpulawy.pl\/wp-content\/uploads\/2025\/03\/DSC_4607-Large-1024x683.jpg 1024w, https:\/\/szpitalpulawy.pl\/wp-content\/uploads\/2025\/03\/DSC_4607-Large-300x200.jpg 300w, https:\/\/szpitalpulawy.pl\/wp-content\/uploads\/2025\/03\/DSC_4607-Large-768x512.jpg 768w, https:\/\/szpitalpulawy.pl\/wp-content\/uploads\/2025\/03\/DSC_4607-Large-1536x1024.jpg 1536w, https:\/\/szpitalpulawy.pl\/wp-content\/uploads\/2025\/03\/DSC_4607-Large.jpg 1620w\" sizes=\"auto, (max-width: 1024px) 100vw, 1024px\" \/><\/figure>\n\n\n\n<figure class=\"wp-block-image size-large\"><img loading=\"lazy\" decoding=\"async\" width=\"1024\" height=\"683\" data-id=\"5736\" src=\"https:\/\/szpitalpulawy.pl\/wp-content\/uploads\/2025\/03\/DSC_4608-Large-1024x683.jpg\" alt=\"\" class=\"wp-image-5736\" srcset=\"https:\/\/szpitalpulawy.pl\/wp-content\/uploads\/2025\/03\/DSC_4608-Large-1024x683.jpg 1024w, https:\/\/szpitalpulawy.pl\/wp-content\/uploads\/2025\/03\/DSC_4608-Large-300x200.jpg 300w, https:\/\/szpitalpulawy.pl\/wp-content\/uploads\/2025\/03\/DSC_4608-Large-768x512.jpg 768w, https:\/\/szpitalpulawy.pl\/wp-content\/uploads\/2025\/03\/DSC_4608-Large-1536x1024.jpg 1536w, https:\/\/szpitalpulawy.pl\/wp-content\/uploads\/2025\/03\/DSC_4608-Large.jpg 1620w\" sizes=\"auto, (max-width: 1024px) 100vw, 1024px\" \/><\/figure>\n\n\n\n<figure class=\"wp-block-image size-large\"><img loading=\"lazy\" decoding=\"async\" width=\"1024\" height=\"683\" data-id=\"5741\" src=\"https:\/\/szpitalpulawy.pl\/wp-content\/uploads\/2025\/03\/DSC_4617-Large-1024x683.jpg\" alt=\"\" class=\"wp-image-5741\" srcset=\"https:\/\/szpitalpulawy.pl\/wp-content\/uploads\/2025\/03\/DSC_4617-Large-1024x683.jpg 1024w, https:\/\/szpitalpulawy.pl\/wp-content\/uploads\/2025\/03\/DSC_4617-Large-300x200.jpg 300w, https:\/\/szpitalpulawy.pl\/wp-content\/uploads\/2025\/03\/DSC_4617-Large-768x512.jpg 768w, https:\/\/szpitalpulawy.pl\/wp-content\/uploads\/2025\/03\/DSC_4617-Large-1536x1024.jpg 1536w, https:\/\/szpitalpulawy.pl\/wp-content\/uploads\/2025\/03\/DSC_4617-Large.jpg 1620w\" sizes=\"auto, (max-width: 1024px) 100vw, 1024px\" \/><\/figure>\n\n\n\n<figure class=\"wp-block-image size-large\"><img loading=\"lazy\" decoding=\"async\" width=\"1024\" height=\"413\" data-id=\"5740\" src=\"https:\/\/szpitalpulawy.pl\/wp-content\/uploads\/2025\/03\/DSC_4619-Large-1024x413.jpg\" alt=\"\" class=\"wp-image-5740\" srcset=\"https:\/\/szpitalpulawy.pl\/wp-content\/uploads\/2025\/03\/DSC_4619-Large-1024x413.jpg 1024w, https:\/\/szpitalpulawy.pl\/wp-content\/uploads\/2025\/03\/DSC_4619-Large-300x121.jpg 300w, https:\/\/szpitalpulawy.pl\/wp-content\/uploads\/2025\/03\/DSC_4619-Large-768x310.jpg 768w, https:\/\/szpitalpulawy.pl\/wp-content\/uploads\/2025\/03\/DSC_4619-Large-1536x620.jpg 1536w, https:\/\/szpitalpulawy.pl\/wp-content\/uploads\/2025\/03\/DSC_4619-Large.jpg 1920w\" sizes=\"auto, (max-width: 1024px) 100vw, 1024px\" \/><\/figure>\n\n\n\n<figure class=\"wp-block-image size-large\"><img loading=\"lazy\" decoding=\"async\" width=\"1024\" height=\"855\" data-id=\"5742\" src=\"https:\/\/szpitalpulawy.pl\/wp-content\/uploads\/2025\/03\/DSC_4622-Large-1024x855.jpg\" alt=\"\" class=\"wp-image-5742\" srcset=\"https:\/\/szpitalpulawy.pl\/wp-content\/uploads\/2025\/03\/DSC_4622-Large-1024x855.jpg 1024w, https:\/\/szpitalpulawy.pl\/wp-content\/uploads\/2025\/03\/DSC_4622-Large-300x251.jpg 300w, https:\/\/szpitalpulawy.pl\/wp-content\/uploads\/2025\/03\/DSC_4622-Large-768x641.jpg 768w, https:\/\/szpitalpulawy.pl\/wp-content\/uploads\/2025\/03\/DSC_4622-Large.jpg 1293w\" sizes=\"auto, (max-width: 1024px) 100vw, 1024px\" \/><\/figure>\n\n\n\n<figure class=\"wp-block-image size-large\"><img loading=\"lazy\" decoding=\"async\" width=\"1024\" height=\"683\" data-id=\"5743\" src=\"https:\/\/szpitalpulawy.pl\/wp-content\/uploads\/2025\/03\/DSC_4626-Large-1024x683.jpg\" alt=\"\" class=\"wp-image-5743\" srcset=\"https:\/\/szpitalpulawy.pl\/wp-content\/uploads\/2025\/03\/DSC_4626-Large-1024x683.jpg 1024w, https:\/\/szpitalpulawy.pl\/wp-content\/uploads\/2025\/03\/DSC_4626-Large-300x200.jpg 300w, https:\/\/szpitalpulawy.pl\/wp-content\/uploads\/2025\/03\/DSC_4626-Large-768x512.jpg 768w, https:\/\/szpitalpulawy.pl\/wp-content\/uploads\/2025\/03\/DSC_4626-Large-1536x1024.jpg 1536w, https:\/\/szpitalpulawy.pl\/wp-content\/uploads\/2025\/03\/DSC_4626-Large.jpg 1620w\" sizes=\"auto, (max-width: 1024px) 100vw, 1024px\" \/><\/figure>\n\n\n\n<figure class=\"wp-block-image size-large\"><img loading=\"lazy\" decoding=\"async\" width=\"1024\" height=\"730\" data-id=\"5744\" src=\"https:\/\/szpitalpulawy.pl\/wp-content\/uploads\/2025\/03\/DSC_4635-Large-1024x730.jpg\" alt=\"\" class=\"wp-image-5744\" srcset=\"https:\/\/szpitalpulawy.pl\/wp-content\/uploads\/2025\/03\/DSC_4635-Large-1024x730.jpg 1024w, https:\/\/szpitalpulawy.pl\/wp-content\/uploads\/2025\/03\/DSC_4635-Large-300x214.jpg 300w, https:\/\/szpitalpulawy.pl\/wp-content\/uploads\/2025\/03\/DSC_4635-Large-768x547.jpg 768w, https:\/\/szpitalpulawy.pl\/wp-content\/uploads\/2025\/03\/DSC_4635-Large.jpg 1515w\" sizes=\"auto, (max-width: 1024px) 100vw, 1024px\" \/><\/figure>\n\n\n\n<figure class=\"wp-block-image size-large\"><img loading=\"lazy\" decoding=\"async\" width=\"1024\" height=\"720\" data-id=\"5745\" src=\"https:\/\/szpitalpulawy.pl\/wp-content\/uploads\/2025\/03\/DSC_4640-Large-1024x720.jpg\" alt=\"\" class=\"wp-image-5745\" srcset=\"https:\/\/szpitalpulawy.pl\/wp-content\/uploads\/2025\/03\/DSC_4640-Large-1024x720.jpg 1024w, https:\/\/szpitalpulawy.pl\/wp-content\/uploads\/2025\/03\/DSC_4640-Large-300x211.jpg 300w, https:\/\/szpitalpulawy.pl\/wp-content\/uploads\/2025\/03\/DSC_4640-Large-768x540.jpg 768w, https:\/\/szpitalpulawy.pl\/wp-content\/uploads\/2025\/03\/DSC_4640-Large.jpg 1537w\" sizes=\"auto, (max-width: 1024px) 100vw, 1024px\" \/><\/figure>\n\n\n\n<figure class=\"wp-block-image size-large\"><img loading=\"lazy\" decoding=\"async\" width=\"1024\" height=\"615\" data-id=\"5746\" src=\"https:\/\/szpitalpulawy.pl\/wp-content\/uploads\/2025\/03\/DSC_4645-Large-1024x615.jpg\" alt=\"\" class=\"wp-image-5746\" srcset=\"https:\/\/szpitalpulawy.pl\/wp-content\/uploads\/2025\/03\/DSC_4645-Large-1024x615.jpg 1024w, https:\/\/szpitalpulawy.pl\/wp-content\/uploads\/2025\/03\/DSC_4645-Large-300x180.jpg 300w, https:\/\/szpitalpulawy.pl\/wp-content\/uploads\/2025\/03\/DSC_4645-Large-768x461.jpg 768w, https:\/\/szpitalpulawy.pl\/wp-content\/uploads\/2025\/03\/DSC_4645-Large-1536x923.jpg 1536w, https:\/\/szpitalpulawy.pl\/wp-content\/uploads\/2025\/03\/DSC_4645-Large.jpg 1798w\" sizes=\"auto, (max-width: 1024px) 100vw, 1024px\" \/><\/figure>\n\n\n\n<figure class=\"wp-block-image size-large\"><img loading=\"lazy\" decoding=\"async\" width=\"1024\" height=\"437\" data-id=\"5747\" src=\"https:\/\/szpitalpulawy.pl\/wp-content\/uploads\/2025\/03\/DSC_4651-Large-1024x437.jpg\" alt=\"\" class=\"wp-image-5747\" srcset=\"https:\/\/szpitalpulawy.pl\/wp-content\/uploads\/2025\/03\/DSC_4651-Large-1024x437.jpg 1024w, https:\/\/szpitalpulawy.pl\/wp-content\/uploads\/2025\/03\/DSC_4651-Large-300x128.jpg 300w, https:\/\/szpitalpulawy.pl\/wp-content\/uploads\/2025\/03\/DSC_4651-Large-768x328.jpg 768w, https:\/\/szpitalpulawy.pl\/wp-content\/uploads\/2025\/03\/DSC_4651-Large-1536x655.jpg 1536w, https:\/\/szpitalpulawy.pl\/wp-content\/uploads\/2025\/03\/DSC_4651-Large.jpg 1920w\" sizes=\"auto, (max-width: 1024px) 100vw, 1024px\" \/><\/figure>\n\n\n\n<figure class=\"wp-block-image size-large\"><img loading=\"lazy\" decoding=\"async\" width=\"1024\" height=\"738\" data-id=\"5748\" src=\"https:\/\/szpitalpulawy.pl\/wp-content\/uploads\/2025\/03\/DSC_4652-Large-1024x738.jpg\" alt=\"\" class=\"wp-image-5748\" srcset=\"https:\/\/szpitalpulawy.pl\/wp-content\/uploads\/2025\/03\/DSC_4652-Large-1024x738.jpg 1024w, https:\/\/szpitalpulawy.pl\/wp-content\/uploads\/2025\/03\/DSC_4652-Large-300x216.jpg 300w, https:\/\/szpitalpulawy.pl\/wp-content\/uploads\/2025\/03\/DSC_4652-Large-768x554.jpg 768w, https:\/\/szpitalpulawy.pl\/wp-content\/uploads\/2025\/03\/DSC_4652-Large.jpg 1498w\" sizes=\"auto, (max-width: 1024px) 100vw, 1024px\" \/><\/figure>\n<\/figure>\n","protected":false},"excerpt":{"rendered":"<p>W dniu 13 marca odby\u0142a si\u0119 inauguracja mi\u0119dzynarodowego projektu The Interreg NEXT Polska &#8211; Ukraina 2021-2027 Priorytet 2. ZDROWIE cel Zapewnienie r\u00f3wnego dost\u0119pu do opieki zdrowotnej i wspieranie odporno\u015bci system\u00f3w opieki zdrowotnej, w tym opieki podstawowej i promowanie przej\u015bcia z opieki instytucjonalnej na opiek\u0119 opart\u0105 na rodzinie i spo\u0142eczno\u015bci. Spotkanie odby\u0142o si\u0119 w Sali Pompeja\u0144skiej [&hellip;]<\/p>\n","protected":false},"author":12,"featured_media":5780,"comment_status":"closed","ping_status":"closed","sticky":false,"template":"","format":"standard","meta":{"footnotes":""},"categories":[4],"tags":[],"class_list":["post-5733","post","type-post","status-publish","format-standard","has-post-thumbnail","hentry","category-aktualnosci"],"_links":{"self":[{"href":"https:\/\/szpitalpulawy.pl\/index.php?rest_route=\/wp\/v2\/posts\/5733","targetHints":{"allow":["GET"]}}],"collection":[{"href":"https:\/\/szpitalpulawy.pl\/index.php?rest_route=\/wp\/v2\/posts"}],"about":[{"href":"https:\/\/szpitalpulawy.pl\/index.php?rest_route=\/wp\/v2\/types\/post"}],"author":[{"embeddable":true,"href":"https:\/\/szpitalpulawy.pl\/index.php?rest_route=\/wp\/v2\/users\/12"}],"replies":[{"embeddable":true,"href":"https:\/\/szpitalpulawy.pl\/index.php?rest_route=%2Fwp%2Fv2%2Fcomments&post=5733"}],"version-history":[{"count":4,"href":"https:\/\/szpitalpulawy.pl\/index.php?rest_route=\/wp\/v2\/posts\/5733\/revisions"}],"predecessor-version":[{"id":5756,"href":"https:\/\/szpitalpulawy.pl\/index.php?rest_route=\/wp\/v2\/posts\/5733\/revisions\/5756"}],"wp:featuredmedia":[{"embeddable":true,"href":"https:\/\/szpitalpulawy.pl\/index.php?rest_route=\/wp\/v2\/media\/5780"}],"wp:attachment":[{"href":"https:\/\/szpitalpulawy.pl\/index.php?rest_route=%2Fwp%2Fv2%2Fmedia&parent=5733"}],"wp:term":[{"taxonomy":"category","embeddable":true,"href":"https:\/\/szpitalpulawy.pl\/index.php?rest_route=%2Fwp%2Fv2%2Fcategories&post=5733"},{"taxonomy":"post_tag","embeddable":true,"href":"https:\/\/szpitalpulawy.pl\/index.php?rest_route=%2Fwp%2Fv2%2Ftags&post=5733"}],"curies":[{"name":"wp","href":"https:\/\/api.w.org\/{rel}","templated":true}]}}