{"id":6241,"date":"2025-06-09T07:36:39","date_gmt":"2025-06-09T07:36:39","guid":{"rendered":"https:\/\/szpitalpulawy.pl\/?p=6241"},"modified":"2025-06-09T07:37:45","modified_gmt":"2025-06-09T07:37:45","slug":"projekt-razem-pomagamy-innym","status":"publish","type":"post","link":"https:\/\/szpitalpulawy.pl\/?p=6241","title":{"rendered":"Projekt Razem Pomagamy Innym"},"content":{"rendered":"<div class=\"wpb-content-wrapper\"><p>[vc_row][vc_column][vc_column_text css=&#8221;&#8221;]<\/p>\r\n<p>Kolejny raz Oddzia\u0142 Dzieci\u0119cy w Pu\u0142awach otrzyma\u0142 prezenty od Stowarzyszenia ,,\u017bycie z chorob\u0105 nie musi by\u0107 smutne\u2019\u2019 im. Karoli Majewskiej oraz Lotniczej Akademii Wojskowej we D\u0119blinie . Takie dary s\u0105 dla nas nieocenionym wsparciem i przynosz\u0105 wiele rado\u015bci chorym dzieciom w trakcie pobytu w szpitalu. Bardzo dzi\u0119kujemy Panu Ryszardowi Majewskiemu, \u0141ukaszowi Grabczakowi oraz Skrzydlaty Wolontariat ze Szko\u0142y Orl\u0105t w D\u0119blinie .<\/p>\r\n<p><!--more--><\/p>\r\n\r\n<p>&nbsp;<\/p>\r\n\r\n<p>&nbsp;<\/p>\r\n<p>[\/vc_column_text][\/vc_column][\/vc_row][vc_row][vc_column][vc_gallery type=&#8221;image_grid&#8221; images=&#8221;6254,6253,6252,6251,6250,6249,6248,6247,6246,6245,6244,6243,6242&#8243; css=&#8221;&#8221;][\/vc_column][\/vc_row]<\/p><\/div>","protected":false},"excerpt":{"rendered":"<p>[vc_row][vc_column][vc_column_text css=&#8221;&#8221;] Kolejny raz Oddzia\u0142 Dzieci\u0119cy w Pu\u0142awach otrzyma\u0142 prezenty od Stowarzyszenia ,,\u017bycie z chorob\u0105 nie musi by\u0107 smutne\u2019\u2019 im. Karoli Majewskiej oraz Lotniczej Akademii Wojskowej we D\u0119blinie . Takie dary s\u0105 dla nas nieocenionym wsparciem i przynosz\u0105 wiele rado\u015bci chorym dzieciom w trakcie pobytu w szpitalu. Bardzo dzi\u0119kujemy Panu Ryszardowi Majewskiemu, \u0141ukaszowi Grabczakowi oraz [&hellip;]<\/p>\n","protected":false},"author":12,"featured_media":0,"comment_status":"closed","ping_status":"closed","sticky":false,"template":"","format":"standard","meta":{"footnotes":""},"categories":[4],"tags":[],"class_list":["post-6241","post","type-post","status-publish","format-standard","hentry","category-aktualnosci"],"_links":{"self":[{"href":"https:\/\/szpitalpulawy.pl\/index.php?rest_route=\/wp\/v2\/posts\/6241","targetHints":{"allow":["GET"]}}],"collection":[{"href":"https:\/\/szpitalpulawy.pl\/index.php?rest_route=\/wp\/v2\/posts"}],"about":[{"href":"https:\/\/szpitalpulawy.pl\/index.php?rest_route=\/wp\/v2\/types\/post"}],"author":[{"embeddable":true,"href":"https:\/\/szpitalpulawy.pl\/index.php?rest_route=\/wp\/v2\/users\/12"}],"replies":[{"embeddable":true,"href":"https:\/\/szpitalpulawy.pl\/index.php?rest_route=%2Fwp%2Fv2%2Fcomments&post=6241"}],"version-history":[{"count":1,"href":"https:\/\/szpitalpulawy.pl\/index.php?rest_route=\/wp\/v2\/posts\/6241\/revisions"}],"predecessor-version":[{"id":6255,"href":"https:\/\/szpitalpulawy.pl\/index.php?rest_route=\/wp\/v2\/posts\/6241\/revisions\/6255"}],"wp:attachment":[{"href":"https:\/\/szpitalpulawy.pl\/index.php?rest_route=%2Fwp%2Fv2%2Fmedia&parent=6241"}],"wp:term":[{"taxonomy":"category","embeddable":true,"href":"https:\/\/szpitalpulawy.pl\/index.php?rest_route=%2Fwp%2Fv2%2Fcategories&post=6241"},{"taxonomy":"post_tag","embeddable":true,"href":"https:\/\/szpitalpulawy.pl\/index.php?rest_route=%2Fwp%2Fv2%2Ftags&post=6241"}],"curies":[{"name":"wp","href":"https:\/\/api.w.org\/{rel}","templated":true}]}}