{"id":7042,"date":"2025-11-18T07:06:22","date_gmt":"2025-11-18T07:06:22","guid":{"rendered":"https:\/\/szpitalpulawy.pl\/?p=7042"},"modified":"2025-11-18T07:08:58","modified_gmt":"2025-11-18T07:08:58","slug":"17-listopada-przypada-swiatowy-dzien-wczesniaka","status":"publish","type":"post","link":"https:\/\/szpitalpulawy.pl\/?p=7042","title":{"rendered":"17 listopada przypada \u015awiatowy Dzie\u0144 Wcze\u015bniaka"},"content":{"rendered":"\n<p>Wcze\u015bniak to male\u0144ki cz\u0142owiek, kt\u00f3ry przychodzi na \u015bwiat przed 37. tygodniem ci\u0105\u017cy. Szczeg\u00f3ln\u0105 grup\u0119 stanowi\u0105 dzieci urodzone skrajnie przedwcze\u015bnie \u2013 przed 32. tygodniem ci\u0105\u017cy, czyli oko\u0142o dwa miesi\u0105ce przed terminem. Opieka nad wcze\u015bniakiem wymaga zaanga\u017cowania szerokiego grona specjalist\u00f3w,&nbsp; organizmy dzieci urodzonych przedwcze\u015bnie nie s\u0105 jeszcze przystosowane do \u017cycia poza \u0142onem matki, a ich przedterminowe pojawienie si\u0119 na \u015bwiecie mo\u017ce si\u0119 wi\u0105za\u0107 z d\u0142ugofalowymi konsekwencjami. Maj\u0105 jeszcze niedojrza\u0142e organy \u2013 m\u00f3zg, serce, jelita czy p\u0142uca \u2013 i nie s\u0105 przygotowane na samodzielne \u017cycie poza organizmem mamy. W przypadku narodzin wcze\u015bniaka lekarze staraj\u0105 si\u0119 zapewni\u0107 mu warunki podobne do tych, kt\u00f3re panuj\u0105 w brzuchu mamy \u2013 ma by\u0107&nbsp;cicho, ciemno i ciep\u0142o. Dlatego w inkubatorach utrzymywana jest odpowiednia temperatura i wilgotno\u015b\u0107, a tak\u017ce ograniczany jest dost\u0119p \u015bwiat\u0142a i ha\u0142asu.<\/p>\n\n\n\n<p><!--more--><\/p>\n\n\n\n<p>Dzisiejszemu dniu patronuje fioletowy kolor, bo to symbol wra\u017cliwo\u015bci i delikatno\u015bci przypisanej dzieciom urodzonym przedwcze\u015bnie. Kolejnym symbolem jest sznur 10 skarpetek, spo\u015br\u00f3d kt\u00f3rych jedna para jest fioletowa. Bo co dziesi\u0105te dziecko na \u015bwiecie jest wcze\u015bniakiem.<\/p>\n\n\n\n<p>&nbsp;W <strong>SPZOZ w Pu\u0142awach<\/strong> <strong>Dzie\u0144 Wcze\u015bniaka<\/strong> ma szczeg\u00f3lne znaczenie, poniewa\u017c ka\u017cdego dnia na Oddziale Neonatologicznym specjali\u015bci otaczaj\u0105 wcze\u015bniaki profesjonaln\u0105 i kompleksow\u0105 opiek\u0105. Zapewniaj\u0105 im nowoczesn\u0105 diagnostyk\u0119, dost\u0119p do zaawansowanego sprz\u0119tu oraz wsparcie, kt\u00f3re pomaga najm\u0142odszym Pacjentom przej\u015b\u0107 przez najtrudniejsze pocz\u0105tki \u017cycia. Z okazji \u015awiatowego Dnia Wcze\u015bniaka personel Oddzia\u0142u Neonatologicznego co roku w spos\u00f3b szczeg\u00f3lny dekoruje sw\u00f3j oddzia\u0142.<\/p>\n\n\n\n<p><a href=\"https:\/\/szpitalpulawy.pl\/wp-content\/uploads\/2025\/11\/IMG_7960-scaled.jpg\" data-wp-editing=\"1\"><img loading=\"lazy\" decoding=\"async\" class=\"alignnone wp-image-7044 size-full\" src=\"https:\/\/szpitalpulawy.pl\/wp-content\/uploads\/2025\/11\/IMG_7960-scaled.jpg\" alt=\"\" width=\"1920\" height=\"2560\" srcset=\"https:\/\/szpitalpulawy.pl\/wp-content\/uploads\/2025\/11\/IMG_7960-scaled.jpg 1920w, https:\/\/szpitalpulawy.pl\/wp-content\/uploads\/2025\/11\/IMG_7960-225x300.jpg 225w, https:\/\/szpitalpulawy.pl\/wp-content\/uploads\/2025\/11\/IMG_7960-768x1024.jpg 768w, https:\/\/szpitalpulawy.pl\/wp-content\/uploads\/2025\/11\/IMG_7960-1152x1536.jpg 1152w, https:\/\/szpitalpulawy.pl\/wp-content\/uploads\/2025\/11\/IMG_7960-1536x2048.jpg 1536w\" sizes=\"auto, (max-width: 1920px) 100vw, 1920px\" \/><\/a><a href=\"https:\/\/szpitalpulawy.pl\/wp-content\/uploads\/2025\/11\/IMG_7959-scaled.jpg\" data-wp-editing=\"1\"><img loading=\"lazy\" decoding=\"async\" class=\"alignnone wp-image-7045 size-full\" src=\"https:\/\/szpitalpulawy.pl\/wp-content\/uploads\/2025\/11\/IMG_7959-scaled.jpg\" alt=\"\" width=\"1920\" height=\"2560\" srcset=\"https:\/\/szpitalpulawy.pl\/wp-content\/uploads\/2025\/11\/IMG_7959-scaled.jpg 1920w, https:\/\/szpitalpulawy.pl\/wp-content\/uploads\/2025\/11\/IMG_7959-225x300.jpg 225w, https:\/\/szpitalpulawy.pl\/wp-content\/uploads\/2025\/11\/IMG_7959-768x1024.jpg 768w, https:\/\/szpitalpulawy.pl\/wp-content\/uploads\/2025\/11\/IMG_7959-1152x1536.jpg 1152w, https:\/\/szpitalpulawy.pl\/wp-content\/uploads\/2025\/11\/IMG_7959-1536x2048.jpg 1536w\" sizes=\"auto, (max-width: 1920px) 100vw, 1920px\" \/><\/a><a href=\"https:\/\/szpitalpulawy.pl\/wp-content\/uploads\/2025\/11\/IMG_7957-scaled.jpg\"><img loading=\"lazy\" decoding=\"async\" class=\"alignnone wp-image-7046 size-full\" src=\"https:\/\/szpitalpulawy.pl\/wp-content\/uploads\/2025\/11\/IMG_7957-scaled.jpg\" alt=\"\" width=\"2560\" height=\"1920\" srcset=\"https:\/\/szpitalpulawy.pl\/wp-content\/uploads\/2025\/11\/IMG_7957-scaled.jpg 2560w, https:\/\/szpitalpulawy.pl\/wp-content\/uploads\/2025\/11\/IMG_7957-300x225.jpg 300w, https:\/\/szpitalpulawy.pl\/wp-content\/uploads\/2025\/11\/IMG_7957-1024x768.jpg 1024w, https:\/\/szpitalpulawy.pl\/wp-content\/uploads\/2025\/11\/IMG_7957-768x576.jpg 768w, https:\/\/szpitalpulawy.pl\/wp-content\/uploads\/2025\/11\/IMG_7957-1536x1152.jpg 1536w, https:\/\/szpitalpulawy.pl\/wp-content\/uploads\/2025\/11\/IMG_7957-2048x1536.jpg 2048w\" sizes=\"auto, (max-width: 2560px) 100vw, 2560px\" \/><\/a><a href=\"https:\/\/szpitalpulawy.pl\/wp-content\/uploads\/2025\/11\/IMG_7954-scaled.jpg\" data-wp-editing=\"1\"><img loading=\"lazy\" decoding=\"async\" class=\"alignnone wp-image-7047 size-full\" src=\"https:\/\/szpitalpulawy.pl\/wp-content\/uploads\/2025\/11\/IMG_7954-scaled.jpg\" alt=\"\" width=\"1920\" height=\"2560\" srcset=\"https:\/\/szpitalpulawy.pl\/wp-content\/uploads\/2025\/11\/IMG_7954-scaled.jpg 1920w, https:\/\/szpitalpulawy.pl\/wp-content\/uploads\/2025\/11\/IMG_7954-225x300.jpg 225w, https:\/\/szpitalpulawy.pl\/wp-content\/uploads\/2025\/11\/IMG_7954-768x1024.jpg 768w, https:\/\/szpitalpulawy.pl\/wp-content\/uploads\/2025\/11\/IMG_7954-1152x1536.jpg 1152w, https:\/\/szpitalpulawy.pl\/wp-content\/uploads\/2025\/11\/IMG_7954-1536x2048.jpg 1536w\" sizes=\"auto, (max-width: 1920px) 100vw, 1920px\" \/><\/a><a href=\"https:\/\/szpitalpulawy.pl\/wp-content\/uploads\/2025\/11\/IMG_7953-scaled.jpg\"><img loading=\"lazy\" decoding=\"async\" class=\"alignnone wp-image-7048 size-full\" src=\"https:\/\/szpitalpulawy.pl\/wp-content\/uploads\/2025\/11\/IMG_7953-scaled.jpg\" alt=\"\" width=\"1920\" height=\"2560\" srcset=\"https:\/\/szpitalpulawy.pl\/wp-content\/uploads\/2025\/11\/IMG_7953-scaled.jpg 1920w, https:\/\/szpitalpulawy.pl\/wp-content\/uploads\/2025\/11\/IMG_7953-225x300.jpg 225w, https:\/\/szpitalpulawy.pl\/wp-content\/uploads\/2025\/11\/IMG_7953-768x1024.jpg 768w, https:\/\/szpitalpulawy.pl\/wp-content\/uploads\/2025\/11\/IMG_7953-1152x1536.jpg 1152w, https:\/\/szpitalpulawy.pl\/wp-content\/uploads\/2025\/11\/IMG_7953-1536x2048.jpg 1536w\" sizes=\"auto, (max-width: 1920px) 100vw, 1920px\" \/><\/a><\/p>\n","protected":false},"excerpt":{"rendered":"<p>Wcze\u015bniak to male\u0144ki cz\u0142owiek, kt\u00f3ry przychodzi na \u015bwiat przed 37. tygodniem ci\u0105\u017cy. Szczeg\u00f3ln\u0105 grup\u0119 stanowi\u0105 dzieci urodzone skrajnie przedwcze\u015bnie \u2013 przed 32. tygodniem ci\u0105\u017cy, czyli oko\u0142o dwa miesi\u0105ce przed terminem. Opieka nad wcze\u015bniakiem wymaga zaanga\u017cowania szerokiego grona specjalist\u00f3w,&nbsp; organizmy dzieci urodzonych przedwcze\u015bnie nie s\u0105 jeszcze przystosowane do \u017cycia poza \u0142onem matki, a ich przedterminowe pojawienie [&hellip;]<\/p>\n","protected":false},"author":12,"featured_media":0,"comment_status":"closed","ping_status":"closed","sticky":false,"template":"","format":"standard","meta":{"footnotes":""},"categories":[4],"tags":[],"class_list":["post-7042","post","type-post","status-publish","format-standard","hentry","category-aktualnosci"],"_links":{"self":[{"href":"https:\/\/szpitalpulawy.pl\/index.php?rest_route=\/wp\/v2\/posts\/7042","targetHints":{"allow":["GET"]}}],"collection":[{"href":"https:\/\/szpitalpulawy.pl\/index.php?rest_route=\/wp\/v2\/posts"}],"about":[{"href":"https:\/\/szpitalpulawy.pl\/index.php?rest_route=\/wp\/v2\/types\/post"}],"author":[{"embeddable":true,"href":"https:\/\/szpitalpulawy.pl\/index.php?rest_route=\/wp\/v2\/users\/12"}],"replies":[{"embeddable":true,"href":"https:\/\/szpitalpulawy.pl\/index.php?rest_route=%2Fwp%2Fv2%2Fcomments&post=7042"}],"version-history":[{"count":5,"href":"https:\/\/szpitalpulawy.pl\/index.php?rest_route=\/wp\/v2\/posts\/7042\/revisions"}],"predecessor-version":[{"id":7054,"href":"https:\/\/szpitalpulawy.pl\/index.php?rest_route=\/wp\/v2\/posts\/7042\/revisions\/7054"}],"wp:attachment":[{"href":"https:\/\/szpitalpulawy.pl\/index.php?rest_route=%2Fwp%2Fv2%2Fmedia&parent=7042"}],"wp:term":[{"taxonomy":"category","embeddable":true,"href":"https:\/\/szpitalpulawy.pl\/index.php?rest_route=%2Fwp%2Fv2%2Fcategories&post=7042"},{"taxonomy":"post_tag","embeddable":true,"href":"https:\/\/szpitalpulawy.pl\/index.php?rest_route=%2Fwp%2Fv2%2Ftags&post=7042"}],"curies":[{"name":"wp","href":"https:\/\/api.w.org\/{rel}","templated":true}]}}