{"id":8050,"date":"2026-09-01T10:53:28","date_gmt":"2026-09-01T10:53:28","guid":{"rendered":"https:\/\/szpitalpulawy.pl\/?p=8050"},"modified":"2026-09-01T12:10:53","modified_gmt":"2026-09-01T12:10:53","slug":"piknik-rodzinny-rodzimy-w-pulawach-2","status":"publish","type":"post","link":"https:\/\/szpitalpulawy.pl\/?p=8050","title":{"rendered":"Piknik Rodzinny &#8211; Rodzimy w Pu\u0142awach!"},"content":{"rendered":"\n<p>W dniu 29 sierpnia, w sobot\u0119 ju\u017c po raz drugi odby\u0142 si\u0119 Piknik Rodzinny pod has\u0142em ,,Rodzimy w Pu\u0142awach\u2019\u2019. Kapry\u015bna pogoda nie przeszkodzi\u0142a w licznym przybyciu go\u015bci.<br \/>Piknik rozpocz\u0105\u0142 dr n.med. Marek Pa\u017adzior &#8211; Dyrektor SPZOZ oraz przedstawiciele w\u0142adz Powiatu Pu\u0142awskiego: W-ce Starosta Bogdan Krze\u015bniak, cz\u0142onek zarz\u0105du Andrzej Mitruczuk, Przewodnicz\u0105cy Rady Powiatu Pu\u0142awskiego Marcin Pisula a tak\u017ce przewodnicz\u0105cy Rady Miasta \u2013 Mariusz Wicik .<br \/>Podczas wydarzenia mo\u017cna by\u0142o skorzysta\u0107 z wyk\u0142ad\u00f3w lekarzy po\u0142o\u017cnictwa i ginekologii oraz prelekcji po\u0142o\u017cnych. By\u0142a to okazja, aby zdoby\u0107 praktyczn\u0105 wiedz\u0119, porozmawia\u0107 ze specjalistami i rozwia\u0107 w\u0105tpliwo\u015bci dotycz\u0105ce porodu oraz opieki nad dzieckiem.<br \/>Uczestnicy mogli r\u00f3wnie\u017c skorzysta\u0107 z warsztat\u00f3w z psychologiem, fizjoterapeut\u0105, dietetykiem a tak\u017ce porad dotycz\u0105cych aktywno\u015bci fizycznej podczas ci\u0105\u017cy . <br \/>Jedn\u0105 z ciekawszych propozycji by\u0142a mo\u017cliwo\u015b\u0107 zwiedzania Centrum Opieki nad Kobiet\u0105 i Noworodkiem, sal\u0119 Porodow\u0105 oraz nowo\u015b\u0107 w naszym Szpitalu &#8211; komercyjn\u0105 Sal\u0119 rodzinn\u0105 dla osoby towarzysz\u0105cej podczas porodu. <br \/>Dzieci mog\u0142y wzi\u0105\u0107 udzia\u0142 w animacjach, konkursach i zabawach przygotowanych przez Fundacj\u0119 Damy Rad\u0119 oraz animatorki z Fabryka Zabawy.<br \/>Nie zabrak\u0142o r\u00f3wnie\u017c\u00a0strefy stoisk z materia\u0142ami edukacyjnymi i produktami dla przysz\u0142ych matek oraz pokaz\u00f3w pierwszej pomocy. <br \/>Atmosfera by\u0142a pe\u0142na u\u015bmiechu a wielu uczestnik\u00f3w deklarowa\u0142o, \u017ce ch\u0119tnie zobaczy\u0142oby podobne inicjatywy cz\u0119\u015bciej. Piknik udowodni\u0142, \u017ce szpital mo\u017ce by\u0107 nie tylko miejscem leczenia, ale te\u017c centrum lokalnej integracji.<\/p>\n<p>Wszystkim uczestnikom wydarzenia sk\u0142adamy serdeczne podzi\u0119kowania za przybycie.<\/p>\n\n\t\t<style>\n\t\t\t#gallery-1 {\n\t\t\t\tmargin: auto;\n\t\t\t}\n\t\t\t#gallery-1 .gallery-item {\n\t\t\t\tfloat: left;\n\t\t\t\tmargin-top: 10px;\n\t\t\t\ttext-align: center;\n\t\t\t\twidth: 33%;\n\t\t\t}\n\t\t\t#gallery-1 img {\n\t\t\t\tborder: 2px solid #cfcfcf;\n\t\t\t}\n\t\t\t#gallery-1 .gallery-caption {\n\t\t\t\tmargin-left: 0;\n\t\t\t}\n\t\t\t\/* see gallery_shortcode() in wp-includes\/media.php *\/\n\t\t<\/style>\n\t\t<div id='gallery-1' class='gallery galleryid-8050 gallery-columns-3 gallery-size-thumbnail'><dl class='gallery-item'>\n\t\t\t<dt class='gallery-icon portrait'>\n\t\t\t\t<a href='https:\/\/szpitalpulawy.pl\/?attachment_id=8051'><img loading=\"lazy\" decoding=\"async\" width=\"150\" height=\"150\" src=\"https:\/\/szpitalpulawy.pl\/wp-content\/uploads\/2026\/09\/9c16d816-763a-4473-b309-28269911b366-150x150.jpg\" class=\"attachment-thumbnail size-thumbnail\" alt=\"\" \/><\/a>\n\t\t\t<\/dt><\/dl><dl class='gallery-item'>\n\t\t\t<dt class='gallery-icon portrait'>\n\t\t\t\t<a href='https:\/\/szpitalpulawy.pl\/?attachment_id=8052'><img loading=\"lazy\" decoding=\"async\" width=\"150\" height=\"150\" src=\"https:\/\/szpitalpulawy.pl\/wp-content\/uploads\/2026\/09\/72e917b1-1f44-453d-a1d4-9d101bd2f650-150x150.jpg\" class=\"attachment-thumbnail size-thumbnail\" alt=\"\" \/><\/a>\n\t\t\t<\/dt><\/dl><dl class='gallery-item'>\n\t\t\t<dt class='gallery-icon portrait'>\n\t\t\t\t<a href='https:\/\/szpitalpulawy.pl\/?attachment_id=8053'><img loading=\"lazy\" decoding=\"async\" width=\"150\" height=\"150\" src=\"https:\/\/szpitalpulawy.pl\/wp-content\/uploads\/2026\/09\/a4116eac-3c99-474a-baba-d38b56b48cc4-150x150.jpg\" class=\"attachment-thumbnail size-thumbnail\" alt=\"\" \/><\/a>\n\t\t\t<\/dt><\/dl><br style=\"clear: both\" \/><dl class='gallery-item'>\n\t\t\t<dt class='gallery-icon portrait'>\n\t\t\t\t<a href='https:\/\/szpitalpulawy.pl\/?attachment_id=8054'><img loading=\"lazy\" decoding=\"async\" width=\"150\" height=\"150\" src=\"https:\/\/szpitalpulawy.pl\/wp-content\/uploads\/2026\/09\/IMG_9122-150x150.jpeg\" class=\"attachment-thumbnail size-thumbnail\" alt=\"\" \/><\/a>\n\t\t\t<\/dt><\/dl><dl class='gallery-item'>\n\t\t\t<dt class='gallery-icon portrait'>\n\t\t\t\t<a href='https:\/\/szpitalpulawy.pl\/?attachment_id=8055'><img loading=\"lazy\" decoding=\"async\" width=\"150\" height=\"150\" src=\"https:\/\/szpitalpulawy.pl\/wp-content\/uploads\/2026\/09\/IMG_9125-150x150.jpeg\" class=\"attachment-thumbnail size-thumbnail\" alt=\"\" \/><\/a>\n\t\t\t<\/dt><\/dl><dl class='gallery-item'>\n\t\t\t<dt class='gallery-icon portrait'>\n\t\t\t\t<a href='https:\/\/szpitalpulawy.pl\/?attachment_id=8056'><img loading=\"lazy\" decoding=\"async\" width=\"150\" height=\"150\" src=\"https:\/\/szpitalpulawy.pl\/wp-content\/uploads\/2026\/09\/IMG_9129-150x150.jpeg\" class=\"attachment-thumbnail size-thumbnail\" alt=\"\" \/><\/a>\n\t\t\t<\/dt><\/dl><br style=\"clear: both\" \/><dl class='gallery-item'>\n\t\t\t<dt class='gallery-icon portrait'>\n\t\t\t\t<a href='https:\/\/szpitalpulawy.pl\/?attachment_id=8057'><img loading=\"lazy\" decoding=\"async\" width=\"150\" height=\"150\" src=\"https:\/\/szpitalpulawy.pl\/wp-content\/uploads\/2026\/09\/IMG_9164-150x150.jpeg\" class=\"attachment-thumbnail size-thumbnail\" alt=\"\" \/><\/a>\n\t\t\t<\/dt><\/dl><dl class='gallery-item'>\n\t\t\t<dt class='gallery-icon portrait'>\n\t\t\t\t<a href='https:\/\/szpitalpulawy.pl\/?attachment_id=8058'><img loading=\"lazy\" decoding=\"async\" width=\"150\" height=\"150\" src=\"https:\/\/szpitalpulawy.pl\/wp-content\/uploads\/2026\/09\/IMG_9212-150x150.jpeg\" class=\"attachment-thumbnail size-thumbnail\" alt=\"\" \/><\/a>\n\t\t\t<\/dt><\/dl><dl class='gallery-item'>\n\t\t\t<dt class='gallery-icon portrait'>\n\t\t\t\t<a href='https:\/\/szpitalpulawy.pl\/?attachment_id=8059'><img loading=\"lazy\" decoding=\"async\" width=\"150\" height=\"150\" src=\"https:\/\/szpitalpulawy.pl\/wp-content\/uploads\/2026\/09\/IMG_9216-150x150.jpeg\" class=\"attachment-thumbnail size-thumbnail\" alt=\"\" \/><\/a>\n\t\t\t<\/dt><\/dl><br style=\"clear: both\" \/><dl class='gallery-item'>\n\t\t\t<dt class='gallery-icon portrait'>\n\t\t\t\t<a href='https:\/\/szpitalpulawy.pl\/?attachment_id=8060'><img loading=\"lazy\" decoding=\"async\" width=\"150\" height=\"150\" src=\"https:\/\/szpitalpulawy.pl\/wp-content\/uploads\/2026\/09\/IMG_9224-150x150.jpeg\" class=\"attachment-thumbnail size-thumbnail\" alt=\"\" \/><\/a>\n\t\t\t<\/dt><\/dl><dl class='gallery-item'>\n\t\t\t<dt class='gallery-icon portrait'>\n\t\t\t\t<a href='https:\/\/szpitalpulawy.pl\/?attachment_id=8061'><img loading=\"lazy\" decoding=\"async\" width=\"150\" height=\"150\" src=\"https:\/\/szpitalpulawy.pl\/wp-content\/uploads\/2026\/09\/IMG_9230-150x150.jpeg\" class=\"attachment-thumbnail size-thumbnail\" alt=\"\" \/><\/a>\n\t\t\t<\/dt><\/dl><dl class='gallery-item'>\n\t\t\t<dt class='gallery-icon portrait'>\n\t\t\t\t<a href='https:\/\/szpitalpulawy.pl\/?attachment_id=8062'><img loading=\"lazy\" decoding=\"async\" width=\"150\" height=\"150\" src=\"https:\/\/szpitalpulawy.pl\/wp-content\/uploads\/2026\/09\/IMG_9237-150x150.jpeg\" class=\"attachment-thumbnail size-thumbnail\" alt=\"\" \/><\/a>\n\t\t\t<\/dt><\/dl><br style=\"clear: both\" \/><dl class='gallery-item'>\n\t\t\t<dt class='gallery-icon portrait'>\n\t\t\t\t<a href='https:\/\/szpitalpulawy.pl\/?attachment_id=8063'><img loading=\"lazy\" decoding=\"async\" width=\"150\" height=\"150\" src=\"https:\/\/szpitalpulawy.pl\/wp-content\/uploads\/2026\/09\/IMG_9239-150x150.jpeg\" class=\"attachment-thumbnail size-thumbnail\" alt=\"\" \/><\/a>\n\t\t\t<\/dt><\/dl><dl class='gallery-item'>\n\t\t\t<dt class='gallery-icon portrait'>\n\t\t\t\t<a href='https:\/\/szpitalpulawy.pl\/?attachment_id=8064'><img loading=\"lazy\" decoding=\"async\" width=\"150\" height=\"150\" src=\"https:\/\/szpitalpulawy.pl\/wp-content\/uploads\/2026\/09\/IMG_9247-150x150.jpeg\" class=\"attachment-thumbnail size-thumbnail\" alt=\"\" \/><\/a>\n\t\t\t<\/dt><\/dl><dl class='gallery-item'>\n\t\t\t<dt class='gallery-icon portrait'>\n\t\t\t\t<a href='https:\/\/szpitalpulawy.pl\/?attachment_id=8073'><img loading=\"lazy\" decoding=\"async\" width=\"150\" height=\"150\" src=\"https:\/\/szpitalpulawy.pl\/wp-content\/uploads\/2026\/09\/IMG_9108-150x150.jpeg\" class=\"attachment-thumbnail size-thumbnail\" alt=\"\" \/><\/a>\n\t\t\t<\/dt><\/dl><br style=\"clear: both\" \/>\n\t\t<\/div>\n\n\n\n","protected":false},"excerpt":{"rendered":"<p>W dniu 29 sierpnia, w sobot\u0119 ju\u017c po raz drugi odby\u0142 si\u0119 Piknik Rodzinny pod has\u0142em ,,Rodzimy w Pu\u0142awach\u2019\u2019. Kapry\u015bna pogoda nie przeszkodzi\u0142a w licznym przybyciu go\u015bci.Piknik rozpocz\u0105\u0142 dr n.med. Marek Pa\u017adzior &#8211; Dyrektor SPZOZ oraz przedstawiciele w\u0142adz Powiatu Pu\u0142awskiego: W-ce Starosta Bogdan Krze\u015bniak, cz\u0142onek zarz\u0105du Andrzej Mitruczuk, Przewodnicz\u0105cy Rady Powiatu Pu\u0142awskiego Marcin Pisula a [&hellip;]<\/p>\n","protected":false},"author":15,"featured_media":0,"comment_status":"closed","ping_status":"closed","sticky":false,"template":"","format":"standard","meta":{"footnotes":""},"categories":[4],"tags":[],"class_list":["post-8050","post","type-post","status-publish","format-standard","hentry","category-aktualnosci"],"_links":{"self":[{"href":"https:\/\/szpitalpulawy.pl\/index.php?rest_route=\/wp\/v2\/posts\/8050","targetHints":{"allow":["GET"]}}],"collection":[{"href":"https:\/\/szpitalpulawy.pl\/index.php?rest_route=\/wp\/v2\/posts"}],"about":[{"href":"https:\/\/szpitalpulawy.pl\/index.php?rest_route=\/wp\/v2\/types\/post"}],"author":[{"embeddable":true,"href":"https:\/\/szpitalpulawy.pl\/index.php?rest_route=\/wp\/v2\/users\/15"}],"replies":[{"embeddable":true,"href":"https:\/\/szpitalpulawy.pl\/index.php?rest_route=%2Fwp%2Fv2%2Fcomments&post=8050"}],"version-history":[{"count":3,"href":"https:\/\/szpitalpulawy.pl\/index.php?rest_route=\/wp\/v2\/posts\/8050\/revisions"}],"predecessor-version":[{"id":8075,"href":"https:\/\/szpitalpulawy.pl\/index.php?rest_route=\/wp\/v2\/posts\/8050\/revisions\/8075"}],"wp:attachment":[{"href":"https:\/\/szpitalpulawy.pl\/index.php?rest_route=%2Fwp%2Fv2%2Fmedia&parent=8050"}],"wp:term":[{"taxonomy":"category","embeddable":true,"href":"https:\/\/szpitalpulawy.pl\/index.php?rest_route=%2Fwp%2Fv2%2Fcategories&post=8050"},{"taxonomy":"post_tag","embeddable":true,"href":"https:\/\/szpitalpulawy.pl\/index.php?rest_route=%2Fwp%2Fv2%2Ftags&post=8050"}],"curies":[{"name":"wp","href":"https:\/\/api.w.org\/{rel}","templated":true}]}}