{"id":871,"date":"2018-06-12T18:36:40","date_gmt":"2018-06-12T18:36:40","guid":{"rendered":"http:\/\/szpitalpulawy.pl\/?p=871"},"modified":"2018-06-12T18:36:40","modified_gmt":"2018-06-12T18:36:40","slug":"wspieramy-karmienie-piersia","status":"publish","type":"post","link":"https:\/\/szpitalpulawy.pl\/?p=871","title":{"rendered":"Wspieramy karmienie piersi\u0105"},"content":{"rendered":"<p align=\"justify\">Po raz pierwszy \u201dTydzie\u0144 karmienia piersi\u0105\u201d obchodzono 1 sierpnia 1990 r., kiedy to 29 pa\u0144stw, w tym Polska podpisa\u0142o tzw. Deklaracj\u0119 Innocenti WHO i UNICEF &#8211; w sprawie ochrony, propagowania i wspierania karmienia piersi\u0105. W Polsce ten tydzie\u0144 obchodzony jest w dniach od 26 maja do 1 czerwca, \u201espina\u201d ze sob\u0105 dwa wa\u017cne \u015bwi\u0119ta \u2013 Dzie\u0144 Matki i Dzie\u0144 Dziecka. Ma na celu przypomnienie opinii publicznej, \u017ce naturalna metoda karmienia niesie wiele korzy\u015bci dla ca\u0142ej populacji i stworzenia przyjaznej atmosfery wok\u00f3\u0142 kobiet karmi\u0105cych piersi\u0105.<\/p>\n<p align=\"justify\">Karmienie piersi\u0105 jest najzdrowszym sposobem \u017cywienia noworodk\u00f3w, niemowl\u0105t i ma\u0142ych dzieci zapewniaj\u0105cym ich optymalny stan zdrowia i ich rozw\u00f3j. Niesie korzy\u015bci zar\u00f3wno dla mamy jak i dla dziecka. Jest procesem fizjologicznym, ale tak\u017ce sztuk\u0105, kt\u00f3rej uczy si\u0119 mama i dziecko od chwili narodzin. Wszystkie problemy, kt\u00f3re ewentualnie mog\u0105 si\u0119 pojawi\u0107 w przebiegu karmienia pomaga rozwi\u0105za\u0107 profesjonalnie przygotowany do tego zadania personel Oddzia\u0142u Po\u0142o\u017cniczo \u2013 Ginekologicznego i Noworodkowego.<\/p>\n<p align=\"justify\">Personel tych oddzia\u0142\u00f3w systematycznie podnosi swoje kwalifikacje z tego obszaru poprzez uczestnictwo w szkoleniach np. \u201eKarmienie piersi\u0105 \u2013standard w opiece oko\u0142oporodowej\u2019\u2019, kt\u00f3rego wyk\u0142adowcami byli eksperci w tej dziedzinie z Centrum Nauki o Laktacji w Warszawie oraz uczestniczy w corocznej Konferencji naukowej organizowanej przez Komitet Upowszechniania Karmienia Piersi\u0105. W tym roku w\/w konferencja odby\u0142a si\u0119 pod has\u0142em ,,KARMIENIE PIERSI\u0104 FUNDAMENTEM \u017bYCIA\u201d .<\/p>\n<p align=\"justify\">Oddzia\u0142 Po\u0142o\u017cniczo \u2013 Ginekologiczny i Noworodkowy realizuje <i>\u201e10 krok\u00f3w do udanego karmienia piersi\u0105\u201d<\/i>. Aktualnie czyni starania, aby podda\u0107 si\u0119 zewn\u0119trznej ocenie przez Komitet Upowszechniania Karmienia Piersi\u0105 w tym zakresie, w celu otrzymania tytu\u0142u \u201eSzpital Przyjazny Dziecku\u201d. Posiadanie tego tytu\u0142u jest gwarantem, \u017ce ca\u0142y personel pracuje zgodnie z zasadami poszanowania godno\u015bci i prawa matek karmi\u0105cych, oraz prawa do opieki medycznej najwy\u017cszej jako\u015bci w zgodzie z Zaleceniami WHO.<\/p>\n<p>Oprac.: H. Kamola<\/p>\n","protected":false},"excerpt":{"rendered":"<p>Po raz pierwszy \u201dTydzie\u0144 karmienia piersi\u0105\u201d obchodzono 1 sierpnia 1990 r., kiedy to 29 pa\u0144stw, w tym Polska podpisa\u0142o tzw. Deklaracj\u0119 Innocenti WHO i UNICEF &#8211; w sprawie ochrony, propagowania i wspierania karmienia piersi\u0105. W Polsce ten tydzie\u0144 obchodzony jest w dniach od 26 maja do 1 czerwca, \u201espina\u201d ze sob\u0105 dwa wa\u017cne \u015bwi\u0119ta \u2013 [&hellip;]<\/p>\n","protected":false},"author":2,"featured_media":872,"comment_status":"closed","ping_status":"closed","sticky":false,"template":"","format":"standard","meta":{"footnotes":""},"categories":[4],"tags":[],"class_list":["post-871","post","type-post","status-publish","format-standard","has-post-thumbnail","hentry","category-aktualnosci"],"_links":{"self":[{"href":"https:\/\/szpitalpulawy.pl\/index.php?rest_route=\/wp\/v2\/posts\/871","targetHints":{"allow":["GET"]}}],"collection":[{"href":"https:\/\/szpitalpulawy.pl\/index.php?rest_route=\/wp\/v2\/posts"}],"about":[{"href":"https:\/\/szpitalpulawy.pl\/index.php?rest_route=\/wp\/v2\/types\/post"}],"author":[{"embeddable":true,"href":"https:\/\/szpitalpulawy.pl\/index.php?rest_route=\/wp\/v2\/users\/2"}],"replies":[{"embeddable":true,"href":"https:\/\/szpitalpulawy.pl\/index.php?rest_route=%2Fwp%2Fv2%2Fcomments&post=871"}],"version-history":[{"count":0,"href":"https:\/\/szpitalpulawy.pl\/index.php?rest_route=\/wp\/v2\/posts\/871\/revisions"}],"wp:featuredmedia":[{"embeddable":true,"href":"https:\/\/szpitalpulawy.pl\/index.php?rest_route=\/wp\/v2\/media\/872"}],"wp:attachment":[{"href":"https:\/\/szpitalpulawy.pl\/index.php?rest_route=%2Fwp%2Fv2%2Fmedia&parent=871"}],"wp:term":[{"taxonomy":"category","embeddable":true,"href":"https:\/\/szpitalpulawy.pl\/index.php?rest_route=%2Fwp%2Fv2%2Fcategories&post=871"},{"taxonomy":"post_tag","embeddable":true,"href":"https:\/\/szpitalpulawy.pl\/index.php?rest_route=%2Fwp%2Fv2%2Ftags&post=871"}],"curies":[{"name":"wp","href":"https:\/\/api.w.org\/{rel}","templated":true}]}}