{"id":873,"date":"2018-06-12T18:53:41","date_gmt":"2018-06-12T18:53:41","guid":{"rendered":"http:\/\/szpitalpulawy.pl\/?p=873"},"modified":"2018-09-03T16:54:03","modified_gmt":"2018-09-03T16:54:03","slug":"profilaktyka-i-diagnostyka-jelita-grubego","status":"publish","type":"post","link":"https:\/\/szpitalpulawy.pl\/?p=873","title":{"rendered":"Profilaktyka i diagnostyka jelita grubego"},"content":{"rendered":"<p>G\u0142\u00f3wnym celem projektu jest wzrost i utrzymanie aktywno\u015bci zawodowej os\u00f3b w wieku aktywno\u015bci zawodowej, kt\u00f3re z przyczyn zdrowotnych w zakresie raka jelita grubego s\u0105 zagro\u017cone utrat\u0105 i brakiem zatrudnienia, poprzez profilaktyk\u0119 i diagnostyk\u0119 raka jelita grubego na terenie podregionu pu\u0142awskiego w okresie od 1.05.2018 r -30.09.2019 r<\/p>\n<p>Projekt skierowany jest do os\u00f3b w wieku aktywno\u015bci zawodowej b\u0119d\u0105cych w grupie podwy\u017cszonego ryzyka, osoby z oty\u0142o\u015bci\u0105, o niskiej aktywno\u015bci fizycznej, pal\u0105ce tyto\u0144, spo\u017cywaj\u0105ce alkohol.<\/p>\n<p>Do projektu mog\u0105 przyst\u0105pi\u0107 osoby w wieku:<\/p>\n<p>a) 50-65 lat, niezale\u017cnie od wywiadu rodzinnego<\/p>\n<p>b) 40-49 lat kt\u00f3re maja krewnego pierwszego stopnia, u kt\u00f3rego rozpoznano raka jelita grubego.<\/p>\n<p>c) 25-49 lat z rodziny z zespo\u0142em Lyncha. W tej grupie os\u00f3b konieczne jest potwierdzenie rozpoznania przynale\u017cno\u015bci do rodziny z zespo\u0142em Lyncha z poradni genetycznej na podstawie spe\u0142nienia tzw. kryteri\u00f3w amsterdamskich i ewentualnego badania genetycznego. Cz\u0142onkowie takiej rodziny powinni mie\u0107 powtarzane kolonoskopie co 2-3 lata chyba, \u017ce badanie genetyczne wska\u017ce, \u017ce u danej osoby nie ma mutacji genetycznych i \u017ce dana osoba mo\u017ce by\u0107 zwolniona z wykonywania kontrolowanych (nadzorowanych) kolonoskopii.<\/p>\n<p>Udzia\u0142 w projekcie jest ca\u0142kowicie bezp\u0142atny.<\/p>\n","protected":false},"excerpt":{"rendered":"<p>G\u0142\u00f3wnym celem projektu jest wzrost i utrzymanie aktywno\u015bci zawodowej os\u00f3b w wieku aktywno\u015bci zawodowej, kt\u00f3re z przyczyn zdrowotnych w zakresie raka jelita grubego s\u0105 zagro\u017cone utrat\u0105 i brakiem zatrudnienia, poprzez profilaktyk\u0119 i diagnostyk\u0119 raka jelita grubego na terenie podregionu pu\u0142awskiego w okresie od 1.05.2018 r -30.09.2019 r Projekt skierowany jest do os\u00f3b w wieku aktywno\u015bci [&hellip;]<\/p>\n","protected":false},"author":2,"featured_media":874,"comment_status":"closed","ping_status":"closed","sticky":false,"template":"","format":"standard","meta":{"footnotes":""},"categories":[4],"tags":[],"class_list":["post-873","post","type-post","status-publish","format-standard","has-post-thumbnail","hentry","category-aktualnosci"],"_links":{"self":[{"href":"https:\/\/szpitalpulawy.pl\/index.php?rest_route=\/wp\/v2\/posts\/873","targetHints":{"allow":["GET"]}}],"collection":[{"href":"https:\/\/szpitalpulawy.pl\/index.php?rest_route=\/wp\/v2\/posts"}],"about":[{"href":"https:\/\/szpitalpulawy.pl\/index.php?rest_route=\/wp\/v2\/types\/post"}],"author":[{"embeddable":true,"href":"https:\/\/szpitalpulawy.pl\/index.php?rest_route=\/wp\/v2\/users\/2"}],"replies":[{"embeddable":true,"href":"https:\/\/szpitalpulawy.pl\/index.php?rest_route=%2Fwp%2Fv2%2Fcomments&post=873"}],"version-history":[{"count":0,"href":"https:\/\/szpitalpulawy.pl\/index.php?rest_route=\/wp\/v2\/posts\/873\/revisions"}],"wp:featuredmedia":[{"embeddable":true,"href":"https:\/\/szpitalpulawy.pl\/index.php?rest_route=\/wp\/v2\/media\/874"}],"wp:attachment":[{"href":"https:\/\/szpitalpulawy.pl\/index.php?rest_route=%2Fwp%2Fv2%2Fmedia&parent=873"}],"wp:term":[{"taxonomy":"category","embeddable":true,"href":"https:\/\/szpitalpulawy.pl\/index.php?rest_route=%2Fwp%2Fv2%2Fcategories&post=873"},{"taxonomy":"post_tag","embeddable":true,"href":"https:\/\/szpitalpulawy.pl\/index.php?rest_route=%2Fwp%2Fv2%2Ftags&post=873"}],"curies":[{"name":"wp","href":"https:\/\/api.w.org\/{rel}","templated":true}]}}